{"id":322,"date":"2017-05-05T15:46:44","date_gmt":"2017-05-05T14:46:44","guid":{"rendered":"http:\/\/fsiosi.blogsport.de\/?p=322"},"modified":"2017-05-05T15:46:44","modified_gmt":"2017-05-05T14:46:44","slug":"rund-um-den-1-mai-2017","status":"publish","type":"post","link":"https:\/\/userblogs.fu-berlin.de\/fsi_osi\/2017\/05\/05\/rund-um-den-1-mai-2017\/","title":{"rendered":"Rund um den 1. Mai 2017"},"content":{"rendered":"<p><strong>Rund um den 1. Mai 2017<\/strong><\/p>\n<p>Wir haben mal eine kleine, unvollst\u00e4ndige Zusammenstellung von Aktionen und Events die rund um den 1. Mai passiert sind erstellt. Wir besch\u00e4ftigen uns eben nicht nur mit Hochschulpolitik.<\/p>\n<p><!--more--><\/p>\n<p>Am Wochenende (28.-30.04.) gab es eine gro\u00dfe und gut besuchte Konferenz mit dem Titel <a href=\"https:\/\/www.selbermachen2017.org\/deu\">Selber machen &#8211; Konferenz zu Basisorganisierung, Gegenmacht &amp; Autonomie<\/a><br \/>\nBerichte und Audiomitschnitte kommen noch, <a href=\"https:\/\/www.facebook.com\/Selber-machen-Konferenz-zu-Basisorganisierung-Gegenmacht-Autonomie-776576225824069\/\">hier findet ihr deren Facebookseite, wo es die Infos geben wird<\/a>.<\/p>\n<p>Am Sonntag (30.04.) gab es die j\u00e4hrliche &#8222;ORGANIZE \u2013 Selbstorganisiert gegen Rassismus und soziale Ausgrenzung&#8220;-Demo, bei der rund 4.500 Menschen durch den Wedding zogen. Organisiert wurde diese Demo vor allem von Basisinitiativen aus dem Wedding und ganz Berlin.<br \/>\n<a href=\"http:\/\/haendewegvomwedding.blogsport.eu\/\">Hier gibts einen Bericht und Fotos.<\/a><\/p>\n<p>Am 1. Mai gab es in Berlin ein Fest der AfD im B\u00fcrgerpark Pankow bei dem 600 Demonstrant*innen rund 60 AfD-Anh\u00e4nger*innen und -Mitgliedern gegen\u00fcberstanden.<br \/>\n<a href=\"https:\/\/www.facebook.com\/berlinerbuendnisgegenrechts\/posts\/1444687358887040\">Bericht und Fotos hier.<\/a><\/p>\n<p>Das Highlight am 1. Mai war die erfolgreiche, friedliche Blockade des Naziaufmarsches in Halle. Fast 4000 Menschen sind auf die Stra\u00dfe gegangen und haben Blockaden gebildet um zu verhindern, dass knapp 400 Neonazis durch Halle marschieren. Diese konnten keinen Meter weit laufen und mussten wieder abziehen. Sie haben es sich leider nicht nehmen lassen ihren Frust <a href=\"http:\/\/blog.zeit.de\/stoerungsmelder\/2017\/05\/02\/versuchter-totschlag-nach-naziaufmarsch-in-halle_23621\">danach an v\u00f6llig Unbeteiligten auszulassen.<\/a><br \/>\n<a href=\"https:\/\/www.flickr.com\/photos\/pm_cheung\/sets\/72157683206396816\">Fotos hier<\/a><br \/>\n<a href=\"https:\/\/nicetobeatyou.wordpress.com\/2017\/05\/02\/press-review\/\">Presseschau und -Mitteilungen hier<\/a><\/p>\n<p>Eure FSI*OSI<\/p>\n","protected":false},"excerpt":{"rendered":"<p>Rund um den 1. Mai 2017 Wir haben mal eine kleine, unvollst\u00e4ndige Zusammenstellung von Aktionen und Events die rund um den 1. Mai passiert sind erstellt. Wir besch\u00e4ftigen uns eben nicht nur mit Hochschulpolitik.<\/p>\n","protected":false},"author":6075,"featured_media":0,"comment_status":"open","ping_status":"open","sticky":false,"template":"","format":"standard","meta":{"footnotes":""},"categories":[91],"tags":[],"class_list":["post-322","post","type-post","status-publish","format-standard","hentry","category-allgemein"],"_links":{"self":[{"href":"https:\/\/userblogs.fu-berlin.de\/fsi_osi\/wp-json\/wp\/v2\/posts\/322","targetHints":{"allow":["GET"]}}],"collection":[{"href":"https:\/\/userblogs.fu-berlin.de\/fsi_osi\/wp-json\/wp\/v2\/posts"}],"about":[{"href":"https:\/\/userblogs.fu-berlin.de\/fsi_osi\/wp-json\/wp\/v2\/types\/post"}],"author":[{"embeddable":true,"href":"https:\/\/userblogs.fu-berlin.de\/fsi_osi\/wp-json\/wp\/v2\/users\/6075"}],"replies":[{"embeddable":true,"href":"https:\/\/userblogs.fu-berlin.de\/fsi_osi\/wp-json\/wp\/v2\/comments?post=322"}],"version-history":[{"count":0,"href":"https:\/\/userblogs.fu-berlin.de\/fsi_osi\/wp-json\/wp\/v2\/posts\/322\/revisions"}],"wp:attachment":[{"href":"https:\/\/userblogs.fu-berlin.de\/fsi_osi\/wp-json\/wp\/v2\/media?parent=322"}],"wp:term":[{"taxonomy":"category","embeddable":true,"href":"https:\/\/userblogs.fu-berlin.de\/fsi_osi\/wp-json\/wp\/v2\/categories?post=322"},{"taxonomy":"post_tag","embeddable":true,"href":"https:\/\/userblogs.fu-berlin.de\/fsi_osi\/wp-json\/wp\/v2\/tags?post=322"}],"curies":[{"name":"wp","href":"https:\/\/api.w.org\/{rel}","templated":true}]}}