{"id":323,"date":"2017-03-06T16:09:14","date_gmt":"2017-03-06T15:09:14","guid":{"rendered":"http:\/\/fsiosi.blogsport.de\/?p=323"},"modified":"2017-03-06T16:09:14","modified_gmt":"2017-03-06T15:09:14","slug":"remember-mahmud-azhar","status":"publish","type":"post","link":"https:\/\/userblogs.fu-berlin.de\/fsi_osi\/2017\/03\/06\/remember-mahmud-azhar\/","title":{"rendered":"Remember Mahmud Azhar"},"content":{"rendered":"<p><strong>Remember Mahmud Azhar<\/strong><\/p>\n<p>Heute am 6.M\u00e4rz j\u00e4hrt sich der Todestag des in Pakistan geborenen FU-Studenten Mahmud Azhar zum 27. Mal. Als unmittelbare Folge eines rassistischen Angriffs am 7.Januar 1990 im Institut f\u00fcr Biochemie verstarb er im Alter von 40 Jahren.<\/p>\n<p>&#8222;An Mahmud Azhar erinnert sich an der Freien Universit\u00e4t heute fast niemand mehr. [\u2026] Es besteht eine unabdingbare Notwendigkeit das zu \u00e4ndern und den unertr\u00e4glichen Zust\u00e4nden, die dieses Vergessen m\u00f6glich gemacht haben, offensiv zu begegnen.&#8220;<\/p>\n<p>Im Januar hat zur J\u00e4hrung des Angriffs der AStA FU eine Mahnwache mitorganisiert, aber wir m\u00f6chten hiermit nochmals Mahmud Azhars gedenken.<\/p>\n<p>Der Artikel \u00fcber den Angriff, den Prozess gegen den M\u00f6rder und das weitere Gedenken ist sehr lesenswert.<br \/>\n<a href=\"https:\/\/www.astafu.de\/content\/remember-mahmud-azhar\">https:\/\/www.astafu.de\/content\/remember-mahmud-azhar <\/a><\/p>\n<p>Nach wie vor fehlt ein \u00f6ffentlicher Gedenkort f\u00fcr Mahmud Azhar an der FU.<\/p>\n<p>Kein Vergeben, Kein Vergessen!<br \/>\nF\u00fcr ein Ende der rassistischen Gewalt!<\/p>\n","protected":false},"excerpt":{"rendered":"<p>Remember Mahmud Azhar Heute am 6.M\u00e4rz j\u00e4hrt sich der Todestag des in Pakistan geborenen FU-Studenten Mahmud Azhar zum 27. Mal. Als unmittelbare Folge eines rassistischen Angriffs am 7.Januar 1990 im Institut f\u00fcr Biochemie verstarb er im Alter von 40 Jahren. &#8222;An Mahmud Azhar erinnert sich an der Freien Universit\u00e4t heute fast niemand mehr. [\u2026] Es &hellip; <a href=\"https:\/\/userblogs.fu-berlin.de\/fsi_osi\/2017\/03\/06\/remember-mahmud-azhar\/\" class=\"more-link\"><span class=\"screen-reader-text\">\u201eRemember Mahmud Azhar\u201c<\/span> weiterlesen<\/a><\/p>\n","protected":false},"author":6075,"featured_media":0,"comment_status":"open","ping_status":"open","sticky":false,"template":"","format":"standard","meta":{"footnotes":""},"categories":[91],"tags":[],"class_list":["post-323","post","type-post","status-publish","format-standard","hentry","category-allgemein"],"_links":{"self":[{"href":"https:\/\/userblogs.fu-berlin.de\/fsi_osi\/wp-json\/wp\/v2\/posts\/323","targetHints":{"allow":["GET"]}}],"collection":[{"href":"https:\/\/userblogs.fu-berlin.de\/fsi_osi\/wp-json\/wp\/v2\/posts"}],"about":[{"href":"https:\/\/userblogs.fu-berlin.de\/fsi_osi\/wp-json\/wp\/v2\/types\/post"}],"author":[{"embeddable":true,"href":"https:\/\/userblogs.fu-berlin.de\/fsi_osi\/wp-json\/wp\/v2\/users\/6075"}],"replies":[{"embeddable":true,"href":"https:\/\/userblogs.fu-berlin.de\/fsi_osi\/wp-json\/wp\/v2\/comments?post=323"}],"version-history":[{"count":0,"href":"https:\/\/userblogs.fu-berlin.de\/fsi_osi\/wp-json\/wp\/v2\/posts\/323\/revisions"}],"wp:attachment":[{"href":"https:\/\/userblogs.fu-berlin.de\/fsi_osi\/wp-json\/wp\/v2\/media?parent=323"}],"wp:term":[{"taxonomy":"category","embeddable":true,"href":"https:\/\/userblogs.fu-berlin.de\/fsi_osi\/wp-json\/wp\/v2\/categories?post=323"},{"taxonomy":"post_tag","embeddable":true,"href":"https:\/\/userblogs.fu-berlin.de\/fsi_osi\/wp-json\/wp\/v2\/tags?post=323"}],"curies":[{"name":"wp","href":"https:\/\/api.w.org\/{rel}","templated":true}]}}