{"id":33,"date":"2008-10-04T12:55:03","date_gmt":"2008-10-04T11:55:03","guid":{"rendered":"http:\/\/fsiosi.blogsport.de\/?p=33"},"modified":"2008-10-04T12:55:03","modified_gmt":"2008-10-04T11:55:03","slug":"auf-in-ein-neues-semester","status":"publish","type":"post","link":"https:\/\/userblogs.fu-berlin.de\/fsi_osi\/2008\/10\/04\/auf-in-ein-neues-semester\/","title":{"rendered":"Auf in ein neues Semester!"},"content":{"rendered":"<p>In gut einer Woche ist es soweit, dann beginnt ein weiteres Semester am OSI. Gegen\u00fcber den letzten Jahren hat sich eines ganz entscheidend ver\u00e4ndert: erstmals seit der Gr\u00fcndung des Otto-Suhr-Instituts wird es keine Studienanf\u00e4ngerInnen geben, die im Diplomstudiengang eingeschrieben sind. Denn auch wenn dieser Studiengang noch besteht, wurde die Zulassungszahl daf\u00fcr durch einen Beschluss des Akademischen Senats am 25.6. diesen Jahres auf 0 (ja richtig, Null) gesetzt. Alle Versuche verschiedenster studentischer Gruppen und Einzelpersonen, aber auch von einigen ProfessorInnen, diesen Beschluss zu verhindern, blieben letztlich erfolglos. Stattdessen setzte sich der Fachbereichsrat (FBR) mit seiner etwas seltsamen Logik, das Diplom vorr\u00fcbergehend auszusetzen um es &#8222;zu retten&#8220;, durch. Die ganze Absurdit\u00e4t dieser Argumentation l\u00e4sst sich <a href=\"http:\/\/fsiosi.blogsport.de\/2008\/05\/21\/osi-diplom-vor-dem-aus-fragwuerde-rettungsaktion-durch-den-fachbereichsrat\/\">hier<\/a> nochmal verfolgen. Ebenfalls zu &#8222;Dank&#8220; f\u00fcr diese Ma\u00dfnahme verpflichtet sind wir dem Berliner Bildungssenator Z\u00f6llner und dem Vorsitzenden des Wissenschaftsrats Becker, die beide massiv Druck auf das OSI aus\u00fcbten, das Diplom einzustellen. W\u00e4re es nach diesen beiden Herren gegangen, sogar dauerhaft. Die Antwort auf die Frage, wie in gerade einmal sechs Semestern gelernt werden soll, wie mensch eigenst\u00e4ndig wissenschaftlich arbeitet, Kritik \u00fcbt oder \u00fcber sein Fach hinausdenkt, bleiben die Apologeten des Bologna-Prozesses (den der ehemalige Kulturstaatsminister Julian Nida-R\u00fcmelin <a href=\"http:\/\/www.nida-ruemelin.de\/docs\/bologna.pdf\">hier<\/a> als &#8222;Fehlschlag&#8220; bezeichnet) weiterhin schuldig. Nun hilft nur abwarten: die Entscheidung, wieder Studierende zum Diplom zuzulassen, f\u00e4llt fr\u00fchestens n\u00e4chstes Sommersemester. Auch ob der Bachelorstudiengang nun, da die wichtigse Alternative entfallen ist, weiterhin so vergleichsweise &#8222;locker&#8220; gehandhabt wird, wird sich zeigen. Wir haben auf jeden Fall ein Auge drauf.<br \/>\nAuch weitere Konflikte, die uns als Studierende direkt betreffen, haben sich aus dem letzten Semester erhalten: die Auseinandersetzung um den Strukturplan (s. <a href=\"http:\/\/fsiosi.blogsport.de\/2008\/07\/09\/32\/\">hier<\/a>) beispielsweise. Der neue Strukturplan wurde zwar in gleich zwei Feriensitzungen des Fachbereichsrats (\u00fcblich ist maximal eine) durchgeboxt, doch die beiden Dozenten zu deren Gunsten dies geschah sind dennoch dem Ruf an andere Hochschulen gefolgt. Nun hat das OSI also einen Strukturplan mit zwei ma\u00dfgeschneiderten Stellen, aber vorerst niemanden der diese beiden Stellen ausf\u00fcllen k\u00f6nnte. Wir fordern daher erneut, auch in diesem Semester, die volle Wiederherstellung der Ideengeschichtsprofessur. Ebenfalls erhalten bleiben wird uns wohl die Auseinandersetzung um die Fachbereichsbibliotheken (siehe z.B. <a href=\"http:\/\/fsiosi.blogsport.de\/2008\/01\/23\/von-bestandsbereinigung-runden-tischen-und-praesidialer-entscheidungsfindung\/\">hier<\/a>). Hier hei\u00dft es vor allen Dingen &#8222;wachsam bleiben&#8220;, denn die Pl\u00e4ne des Pr\u00e4sidiums sind nicht vom Tisch, und es gibt bereits Anzeichen f\u00fcr eine Taktik der schleichenden Verschlechterung der Arbeits- und Lesebedingungen am Fachbereich. Vermutlich soll nach immer weiteren Zusammenlegungen, Lesesaal-Verlegungen und B\u00fccherk\u00fcrzung der Umzug in die Universit\u00e4tsbibliothek als &#8222;bessere Alternative&#8220; dargestellt werden. Auch das werden wir nicht unwidersprochen hinnehmen. <\/p>\n<p>Doch wir wollen nicht immer nur meckern. F\u00fcr diejenigen, die dieses Semester mit dem Studium anfangen: es erwartet euch auf jeden Fall ein interessantes &#8211; aber nicht perfektes &#8211; und streitlustiges &#8211; wenn auch oft viel zu zahmes &#8211; Institut. Es gibt immer noch kritische DozentInnen am OSI, und eine Menge an der Hochschule und ausserhalb engagierte Studierende. Mit der (wenn auch befristeten) Berufung von Frau Dr. Vinz auf eine Stelle f\u00fcr &#8222;Gender und Diversity Studies&#8220; tut sich zum ersten Mal seit der Emeritierung von Prof. Grottian sogar wieder was im Gender-Bereich. Als Studierende ist unser Einfluss auf die Gestaltung des Instituts nicht ganz so beschr\u00e4nkt, wie der Blick auf die Gremienordnung es auf den ersten Blick erscheinen l\u00e4sst: das letzte Jahr hat mit Bibliotheksskandal und Strukturplanauseinandersetzung gezeigt, dass durch massiven Druck &#8222;von unten&#8220; sich zumindest eine breite \u00f6ffentliche Diskussion erreichen l\u00e4sst. Im Fall der Bibliotheken wurden sogar die angeblich bereits abgesegneten Pr\u00e4sidiumspl\u00e4ne auf Eis gelegt. Es gibt spannende Seminare von Studierenden (leider viel zu wenige), sowohl f\u00fcr Studienanf\u00e4ngerInnen als auch f\u00fcr Fortgeschrittene. Und wir arbeiten daran, dass die Einschr\u00e4nkungen hinter den positiven Beschreibungen weniger werden&#8230;<\/p>\n<p>In diesem Sinne: <strong>Einen guten Start ins neue Semester! F\u00fcr Solidarit\u00e4t und freie Bildung! Und nicht zuletzt: Lenzen abs\u00e4gen&#8230;<\/strong><\/p>\n<p>__________________________________________________________________________________________<\/p>\n<p>P.S.: <strong>Termine: <\/strong><br \/>\n&#8211; 1.10.: Beginn der Anmeldefrist im Campus Management.<br \/>\n&#8211; 6. &#8211; 9.10.: Anmeldezeitraum f\u00fcr Sprachkurse (in der Silberlaube)<br \/>\n&#8211; 7. &#8211; 9.10.: Einf\u00fchrungstage f\u00fcr Erstsemester am OSI<br \/>\n&#8211; 28.10.: Erstes Initreffen im neuen Semester: 16-18 Uhr am\/im Roten Caf\u00e9<br \/>\n&#8211; 6.11.: Semesterauftaktparty im Festsaal Kreuzberg, zusammen mit anderen FSIs: 21 Uhr, nahe U Kottbusser Tor<\/p>\n","protected":false},"excerpt":{"rendered":"<p>In gut einer Woche ist es soweit, dann beginnt ein weiteres Semester am OSI. Gegen\u00fcber den letzten Jahren hat sich eines ganz entscheidend ver\u00e4ndert: erstmals seit der Gr\u00fcndung des Otto-Suhr-Instituts wird es keine Studienanf\u00e4ngerInnen geben, die im Diplomstudiengang eingeschrieben sind. Denn auch wenn dieser Studiengang noch besteht, wurde die Zulassungszahl daf\u00fcr durch einen Beschluss des &hellip; <a href=\"https:\/\/userblogs.fu-berlin.de\/fsi_osi\/2008\/10\/04\/auf-in-ein-neues-semester\/\" class=\"more-link\"><span class=\"screen-reader-text\">\u201eAuf in ein neues Semester!\u201c<\/span> weiterlesen<\/a><\/p>\n","protected":false},"author":6075,"featured_media":0,"comment_status":"open","ping_status":"open","sticky":false,"template":"","format":"standard","meta":{"footnotes":""},"categories":[91,463640,463349],"tags":[],"class_list":["post-33","post","type-post","status-publish","format-standard","hentry","category-allgemein","category-ankuendigungen","category-osi"],"_links":{"self":[{"href":"https:\/\/userblogs.fu-berlin.de\/fsi_osi\/wp-json\/wp\/v2\/posts\/33","targetHints":{"allow":["GET"]}}],"collection":[{"href":"https:\/\/userblogs.fu-berlin.de\/fsi_osi\/wp-json\/wp\/v2\/posts"}],"about":[{"href":"https:\/\/userblogs.fu-berlin.de\/fsi_osi\/wp-json\/wp\/v2\/types\/post"}],"author":[{"embeddable":true,"href":"https:\/\/userblogs.fu-berlin.de\/fsi_osi\/wp-json\/wp\/v2\/users\/6075"}],"replies":[{"embeddable":true,"href":"https:\/\/userblogs.fu-berlin.de\/fsi_osi\/wp-json\/wp\/v2\/comments?post=33"}],"version-history":[{"count":0,"href":"https:\/\/userblogs.fu-berlin.de\/fsi_osi\/wp-json\/wp\/v2\/posts\/33\/revisions"}],"wp:attachment":[{"href":"https:\/\/userblogs.fu-berlin.de\/fsi_osi\/wp-json\/wp\/v2\/media?parent=33"}],"wp:term":[{"taxonomy":"category","embeddable":true,"href":"https:\/\/userblogs.fu-berlin.de\/fsi_osi\/wp-json\/wp\/v2\/categories?post=33"},{"taxonomy":"post_tag","embeddable":true,"href":"https:\/\/userblogs.fu-berlin.de\/fsi_osi\/wp-json\/wp\/v2\/tags?post=33"}],"curies":[{"name":"wp","href":"https:\/\/api.w.org\/{rel}","templated":true}]}}