{"id":34,"date":"2008-10-29T14:31:45","date_gmt":"2008-10-29T13:31:45","guid":{"rendered":"http:\/\/fsiosi.blogsport.de\/?p=34"},"modified":"2008-10-29T14:31:45","modified_gmt":"2008-10-29T13:31:45","slug":"ein-wenig-werbung","status":"publish","type":"post","link":"https:\/\/userblogs.fu-berlin.de\/fsi_osi\/2008\/10\/29\/ein-wenig-werbung\/","title":{"rendered":"Ein wenig Werbung\u2026"},"content":{"rendered":"<p>Heute mal ausnahmsweise ein wenig Werbung in eigener Sache: wie die\/der aufmerksame BeobachterIn wahrscheinlich bereits mitgekriegt haben, kommt dieses Jahr Horst K\u00f6hler zur Immatrikulationsfeier. Dieser hohe Besuch macht besondere Ma\u00dfnahmen n\u00f6tig: so d\u00fcrfen zum ersten Mal nur Erstsemester auf die Immatrikulationsfeier. Wurde eine Zeit lang unter den Studierenden noch dar\u00fcber spekuliert, ob dann das Vorzeigen des Studienausweises gen\u00fcgen w\u00fcrde, herrscht mittlerweile Klarheit \u00fcber das Prozedere. Studienanf\u00e4ngerInnen, die eine Einladung wollen, m\u00fcssen ihre Personalien &#8211; und die von maximal zwei Begleitpersonen &#8211; bei der FU abgeben. Die leitet die Daten, samt pers\u00f6nlicher E-Mailadresse und Telefonnummer, ans Bundespr\u00e4sidialamt weiter. Wer dort die Daten \u00fcberpr\u00fcft und was anschlie\u00dfend damit passiert, dar\u00fcber gibt es keine Informationen.<br \/>\nWozu es Informationen gibt, sind Protestaktionen: Studierende h\u00f6herer Semester und &#8222;Erstis&#8220;, die keine Lust auf bespitzelt-werden hatten, haben eine Alternativveranstaltung angemeldet. Die Polizei verlegte die Kundgebung zwar vom gew\u00fcnschten Platz vor dem Denkmal an die Ecke Garystra\u00dfe\/Boltzmannstra\u00dfe; doch auch hier k\u00f6nnen wir zeigen, dass wir lieber unsere eigene Imma-Feier veranstalten, als Lenzens Selbstbeweihr\u00e4ucherung zuzuh\u00f6ren und uns vom BKA aussp\u00e4hen zu lassen. <\/p>\n<p><strong>Also kommt zahlreich zur Offenen Immatrikulationsfeier &#8211; von Studierenden, f\u00fcr ALLE Studierenden, MitarbeiterInnen, Profs, Eltern, Au\u00dferirdische&#8230; Es wird Musik, Redebeitr\u00e4ge, Getr\u00e4nke und eventuell VoK\u00fc geben.<\/strong> Je mehr wir sind, desto deutlicher setzen wir ein Zeichen dass dies auch unsere Uni ist! <\/p>\n<h3>Mittwoch, 5.11. ab 9 Uhr an der Kreuzung Garystra\u00dfe\/Boltzmannstra\u00dfe (zwischen Henry-Ford-Bau und Wirtschaftswissenschaftlicher Fakult\u00e4t). <\/h3>\n<p><strong><br \/>\nUnd am n\u00e4chsten Tag findet die wie jedes Jahr bestimmt gro\u00dfartige Semesterauftaktparty der FSIn statt. Ebenfalls wie jedes Jahr im Festsaal Kreuzberg, mit guter Musik, billigen Getr\u00e4nken und Cocktailtresen. Anders als letztes Jahr gibt es auch wieder eine VoK\u00fc, falls mensch vom Tanzen Hunger kriegt.  <\/strong><\/p>\n<p>P.S.: F\u00fcr beide Veranstaltungen werden noch HelferInnen gesucht. Wer sich angesprochen f\u00fchlt, kann ja mal eine <a href=\"mailto:fsiosi@web.de\">E-Mail an fsiosi@web.de<\/a> schreiben. <\/p>\n","protected":false},"excerpt":{"rendered":"<p>Heute mal ausnahmsweise ein wenig Werbung in eigener Sache: wie die\/der aufmerksame BeobachterIn wahrscheinlich bereits mitgekriegt haben, kommt dieses Jahr Horst K\u00f6hler zur Immatrikulationsfeier. Dieser hohe Besuch macht besondere Ma\u00dfnahmen n\u00f6tig: so d\u00fcrfen zum ersten Mal nur Erstsemester auf die Immatrikulationsfeier. Wurde eine Zeit lang unter den Studierenden noch dar\u00fcber spekuliert, ob dann das Vorzeigen &hellip; <a href=\"https:\/\/userblogs.fu-berlin.de\/fsi_osi\/2008\/10\/29\/ein-wenig-werbung\/\" class=\"more-link\"><span class=\"screen-reader-text\">\u201eEin wenig Werbung\u2026\u201c<\/span> weiterlesen<\/a><\/p>\n","protected":false},"author":6075,"featured_media":0,"comment_status":"open","ping_status":"open","sticky":false,"template":"","format":"standard","meta":{"footnotes":""},"categories":[91,463640,463967],"tags":[],"class_list":["post-34","post","type-post","status-publish","format-standard","hentry","category-allgemein","category-ankuendigungen","category-hochschulpolitik"],"_links":{"self":[{"href":"https:\/\/userblogs.fu-berlin.de\/fsi_osi\/wp-json\/wp\/v2\/posts\/34","targetHints":{"allow":["GET"]}}],"collection":[{"href":"https:\/\/userblogs.fu-berlin.de\/fsi_osi\/wp-json\/wp\/v2\/posts"}],"about":[{"href":"https:\/\/userblogs.fu-berlin.de\/fsi_osi\/wp-json\/wp\/v2\/types\/post"}],"author":[{"embeddable":true,"href":"https:\/\/userblogs.fu-berlin.de\/fsi_osi\/wp-json\/wp\/v2\/users\/6075"}],"replies":[{"embeddable":true,"href":"https:\/\/userblogs.fu-berlin.de\/fsi_osi\/wp-json\/wp\/v2\/comments?post=34"}],"version-history":[{"count":0,"href":"https:\/\/userblogs.fu-berlin.de\/fsi_osi\/wp-json\/wp\/v2\/posts\/34\/revisions"}],"wp:attachment":[{"href":"https:\/\/userblogs.fu-berlin.de\/fsi_osi\/wp-json\/wp\/v2\/media?parent=34"}],"wp:term":[{"taxonomy":"category","embeddable":true,"href":"https:\/\/userblogs.fu-berlin.de\/fsi_osi\/wp-json\/wp\/v2\/categories?post=34"},{"taxonomy":"post_tag","embeddable":true,"href":"https:\/\/userblogs.fu-berlin.de\/fsi_osi\/wp-json\/wp\/v2\/tags?post=34"}],"curies":[{"name":"wp","href":"https:\/\/api.w.org\/{rel}","templated":true}]}}