{"id":344,"date":"2018-02-07T17:41:21","date_gmt":"2018-02-07T16:41:21","guid":{"rendered":"http:\/\/fsiosi.blogsport.de\/?p=344"},"modified":"2018-02-07T17:41:21","modified_gmt":"2018-02-07T16:41:21","slug":"fuehrungen-durch-das-apabiz-mit-der-fsiosi","status":"publish","type":"post","link":"https:\/\/userblogs.fu-berlin.de\/fsi_osi\/2018\/02\/07\/fuehrungen-durch-das-apabiz-mit-der-fsiosi\/","title":{"rendered":"F\u00fchrungen durch das apabiz mit der FSI*OSI"},"content":{"rendered":"<p>Die FSI*OSI l\u00e4dt ein zu drei F\u00fchrung durch die R\u00e4ume vom antifaschistischen pressearchiv und bildungszentrum berlin e.V., kurz apabiz.<br \/>\nAm Montag, 12.2. von 12:00-14:00, Mittwoch, 14.2. um 14:00-16:00 Uhr und Dienstag, 20.2. um 14:00-16:00. Bitte vorher anmelden.<\/p>\n<p><img decoding=\"async\" src=\"http:\/\/fsiosi.blogsport.de\/images\/logoapabizvoll.jpg\" alt=\"\" \/><br \/>\n<!--more--><br \/>\nEine kurze Selbstbeschreibung des apabiz:<\/p>\n<p>\u201cDer Fokus der Arbeit des apabiz richtet sich auf die extreme Rechte in Deutschland nach 1945. Wir beobachten und analysieren militante Neonazis und RechtsterroristInnen, extrem rechte Parteien, Kameradschaften, organisierte RassistInnen und AntifeministInnen und etliche kleinere, aber interessante Nischenorganisationen wie v\u00f6lkische Germanengl\u00e4ubige oder die sogenannte \u201eLebensschutz\u201c-Bewegung. Wir betrachten heutige rassistische, antisemitische und neonazistische Ideologien in den Kontinuit\u00e4ten und Entwicklungen von Akteuren und Ideen.\u201d<\/p>\n<p>Zur Politikwissenschaft geh\u00f6rt die politische Soziologie und damit auch die Rechtsextremismusforschung. Da Forschung zu diesem Thema an der FU unterrepr\u00e4sentiert, aber immer wieder nachgefragt ist haben wir diese F\u00fchrungen organisiert. Es geht dabei auch darum wissenschaftliches Arbeiten und Forschung au\u00dferhalb von klassischen Bildungsinstitutionen wie der Uni sichtbar zu machen.<\/p>\n<p>Am Montag, 12.2. von 12:00-14:00, Mittwoch, 14.2. um 14:00-16:00 Uhr und Dienstag, 20.2. um 14:00-16:00 wird je eine F\u00fchrung stattfinden. An den Terminen f\u00fchren euch Mitarbeiter*innen des apabiz durch ihre Arbeit und ihr k\u00f6nnt auch selbst etwas schm\u00f6kern und Recherche betreiben.<br \/>\nDa nicht unendlich viele Leute an einer F\u00fchrung gleichzeitig teilnehmen k\u00f6nnen m\u00fcsst ihr euch bitte daf\u00fcr anmelden. Daf\u00fcr schreibt ihr einfach eine Mail an fsi.osi@riseup.net mit dem Betreff \u201capabiz F\u00fchrung\u201d und dem Datum an dem ihr an der F\u00fchrung teilnehmen wollt.<br \/>\nTreffpunkt ist vor der Lausitzerstr. 10.<\/p>\n<p>Das apabiz beh\u00e4lt sich vor, von seinem Hausrecht Gebrauch zu machen und Personen, die extrem rechten Parteien oder Organisationen angeh\u00f6ren, der extrem rechten Szene zuzuordnen sind oder bereits in der Vergangenheit durch rassistische, nationalistische, antisemitische oder sonstige menschenverachtende \u00c4u\u00dferungen in Erscheinung getreten sind, den Zutritt zum apabiz zu verwehren.<\/p>\n<p>eure FSI*OSI<\/p>\n","protected":false},"excerpt":{"rendered":"<p>Die FSI*OSI l\u00e4dt ein zu drei F\u00fchrung durch die R\u00e4ume vom antifaschistischen pressearchiv und bildungszentrum berlin e.V., kurz apabiz. Am Montag, 12.2. von 12:00-14:00, Mittwoch, 14.2. um 14:00-16:00 Uhr und Dienstag, 20.2. um 14:00-16:00. Bitte vorher anmelden.<\/p>\n","protected":false},"author":6075,"featured_media":0,"comment_status":"open","ping_status":"open","sticky":false,"template":"","format":"standard","meta":{"footnotes":""},"categories":[91,463640,466025],"tags":[],"class_list":["post-344","post","type-post","status-publish","format-standard","hentry","category-allgemein","category-ankuendigungen","category-ausserhalb-der-uni"],"_links":{"self":[{"href":"https:\/\/userblogs.fu-berlin.de\/fsi_osi\/wp-json\/wp\/v2\/posts\/344","targetHints":{"allow":["GET"]}}],"collection":[{"href":"https:\/\/userblogs.fu-berlin.de\/fsi_osi\/wp-json\/wp\/v2\/posts"}],"about":[{"href":"https:\/\/userblogs.fu-berlin.de\/fsi_osi\/wp-json\/wp\/v2\/types\/post"}],"author":[{"embeddable":true,"href":"https:\/\/userblogs.fu-berlin.de\/fsi_osi\/wp-json\/wp\/v2\/users\/6075"}],"replies":[{"embeddable":true,"href":"https:\/\/userblogs.fu-berlin.de\/fsi_osi\/wp-json\/wp\/v2\/comments?post=344"}],"version-history":[{"count":0,"href":"https:\/\/userblogs.fu-berlin.de\/fsi_osi\/wp-json\/wp\/v2\/posts\/344\/revisions"}],"wp:attachment":[{"href":"https:\/\/userblogs.fu-berlin.de\/fsi_osi\/wp-json\/wp\/v2\/media?parent=344"}],"wp:term":[{"taxonomy":"category","embeddable":true,"href":"https:\/\/userblogs.fu-berlin.de\/fsi_osi\/wp-json\/wp\/v2\/categories?post=344"},{"taxonomy":"post_tag","embeddable":true,"href":"https:\/\/userblogs.fu-berlin.de\/fsi_osi\/wp-json\/wp\/v2\/tags?post=344"}],"curies":[{"name":"wp","href":"https:\/\/api.w.org\/{rel}","templated":true}]}}