{"id":45,"date":"2009-01-23T12:31:47","date_gmt":"2009-01-23T11:31:47","guid":{"rendered":"http:\/\/fsiosi.blogsport.de\/?p=45"},"modified":"2009-01-23T12:31:47","modified_gmt":"2009-01-23T11:31:47","slug":"unterschriftenkampagne-gegen-schliessung-der-mensa-i","status":"publish","type":"post","link":"https:\/\/userblogs.fu-berlin.de\/fsi_osi\/2009\/01\/23\/unterschriftenkampagne-gegen-schliessung-der-mensa-i\/","title":{"rendered":"Unterschriftenkampagne gegen Schlie\u00dfung der Mensa I"},"content":{"rendered":"<p>Wie schon auf mehreren anderen Blogs &#8211; z.B. auf dem der <a href=\"http:\/\/fsiwiwiss.blogsport.de\/2008\/12\/16\/schliessung-unserer-mensa-geplant\/\">FSI Wirtschaftswissenschaften<\/a> &#8211; berichtet wurde, soll die Mensa I (auch bekannt als &#8222;kleine Mensa&#8220; oder &#8222;JuristInnenmensa&#8220;) nach dem Sommersemester 2009 f\u00fcr Sanierungsarbeiten geschlossen werden. F\u00fcr die Sanierung sind dabei sage und schreibe 24 Monate geplant. Angeblich sei dies notwendig, weil andernfalls Auflagen der Gesundheitsbeh\u00f6rde nicht mehr zu erf\u00fcllen seien. Seit dem Bekanntwerden dieser Information gibt es allerdings immer wieder widerspr\u00fcchliche Informationen, was im Anschluss an die Sanierung mit dem Geb\u00e4ude passiert. Urspr\u00fcnglich hie\u00df es noch, die Essensversorgung solle auf eine Cafeteria im Erdgeschoss beschr\u00e4nkt bleiben, w\u00e4hrend die oberen beiden Stockwerke &#8222;einer anderen Nutzung zugef\u00fchrt&#8220; werden. Die Cafeteria w\u00fcrde auch zu Normalpreisen wirtschaften, d.h. kein verbilligtes Essen f\u00fcr Studierende mehr anbieten. <\/p>\n<p><strong>Unklare Verh\u00e4ltnisse<\/strong><\/p>\n<p>\u00dcber die Art der &#8222;anderen Nutzung&#8220; herrscht jedoch Unklarheit: auf mehrere Anfragen von Gabriel Babel (Vorsitzender des FSR Jura) schoben sich das Studentenwerk und das Pr\u00e4sidium gegenseitig die B\u00e4lle zu. Vor allem die Informationspolitik des Pr\u00e4sidiums l\u00e4sst f\u00fcr hochschulpolitisch erfahrene Menschen nichts Gutes erahnen. Nachdem gegen\u00fcber Gabriel eine Verantwortung zun\u00e4chst grunds\u00e4tzlich abgestritten wurde, sicherte das Bauamt der FU ihm zu, eine Stellungnahme abzugeben. Das ist aber bis heute nicht passiert, trotz mehrerer Nachfragen von Seiten der Studierenden. Auch die Baubeh\u00f6rde Steglitz-Zehlendorf wei\u00df noch von nichts, wie die LHG herausfinden konnte &#8211; die Beh\u00f6rde schreibt allerdings selber, dass bei baulichen Ver\u00e4nderungen im Inneren des Geb\u00e4udes eine Genehmigung ihrerseits nicht unbedingt erforderlich sei. Da das Geb\u00e4ude unter Denkmalschutz steht, m\u00fcsste allerdings auch das Denkmalschutzamt eingeweiht sein, doch auch dort wusste mensch noch von keinen (Um-)Baupl\u00e4nen.<br \/>\nNach mehreren Treffen von Studierenden der betroffenen Fachbereiche (Jura, Wirtschaftswissenschaften, Politik- und Sozialwissenschaft, Biochemie) aus verschiedenen Hochschulgruppen haben wir jetzt eine Unterschriftenliste erstellt, die die Verantwortlichen auffordert:<\/p>\n<p><strong>&#8211; die Mensa I dauerhaft zu erhalten<br \/>\n&#8211; die Sanierungszeiten auf ein f\u00fcr uns ertr\u00e4gliches Ma\u00df zu begrenzen<br \/>\n&#8211; die Studierenden und die Gremien der betroffenen Fachbereiche umfassend zu informieren<br \/>\n&#8211; die Versorgung der Studierenden zu studentischen Preisen zu sichern.<\/strong><\/p>\n<p>Die Unterschriftenlisten liegen im AStA und in studentischen Caf\u00e9s (Caf\u00e9 Tatort bei den JuristInnen, Rotes Caf\u00e9 bei PolSoz) aus und k\u00f6nnen ausserdem <a href=\"http:\/\/fsiosi.blogsport.de\/images\/Unterschriftenliste.pdf\" title=\"Unterschriftenliste\"><em>hier<\/em><\/a> heruntergeladen und ausgedruckt werden. Abgeben kann mensch die ausgef\u00fcllten Listen im AStA oder im Caf\u00e9 Tatort. Letzteres findet ihr in der Boltzmannstra\u00dfe 3, das ist das alte Geb\u00e4ude schr\u00e4g gegen\u00fcber vom Vorplatz des Henry-Ford-Baus.<\/p>\n","protected":false},"excerpt":{"rendered":"<p>Wie schon auf mehreren anderen Blogs &#8211; z.B. auf dem der FSI Wirtschaftswissenschaften &#8211; berichtet wurde, soll die Mensa I (auch bekannt als &#8222;kleine Mensa&#8220; oder &#8222;JuristInnenmensa&#8220;) nach dem Sommersemester 2009 f\u00fcr Sanierungsarbeiten geschlossen werden. F\u00fcr die Sanierung sind dabei sage und schreibe 24 Monate geplant. Angeblich sei dies notwendig, weil andernfalls Auflagen der Gesundheitsbeh\u00f6rde &hellip; <a href=\"https:\/\/userblogs.fu-berlin.de\/fsi_osi\/2009\/01\/23\/unterschriftenkampagne-gegen-schliessung-der-mensa-i\/\" class=\"more-link\"><span class=\"screen-reader-text\">\u201eUnterschriftenkampagne gegen Schlie\u00dfung der Mensa I\u201c<\/span> weiterlesen<\/a><\/p>\n","protected":false},"author":6075,"featured_media":0,"comment_status":"open","ping_status":"open","sticky":false,"template":"","format":"standard","meta":{"footnotes":""},"categories":[91,463640,463967,464316],"tags":[],"class_list":["post-45","post","type-post","status-publish","format-standard","hentry","category-allgemein","category-ankuendigungen","category-hochschulpolitik","category-praesidialaktionen"],"_links":{"self":[{"href":"https:\/\/userblogs.fu-berlin.de\/fsi_osi\/wp-json\/wp\/v2\/posts\/45","targetHints":{"allow":["GET"]}}],"collection":[{"href":"https:\/\/userblogs.fu-berlin.de\/fsi_osi\/wp-json\/wp\/v2\/posts"}],"about":[{"href":"https:\/\/userblogs.fu-berlin.de\/fsi_osi\/wp-json\/wp\/v2\/types\/post"}],"author":[{"embeddable":true,"href":"https:\/\/userblogs.fu-berlin.de\/fsi_osi\/wp-json\/wp\/v2\/users\/6075"}],"replies":[{"embeddable":true,"href":"https:\/\/userblogs.fu-berlin.de\/fsi_osi\/wp-json\/wp\/v2\/comments?post=45"}],"version-history":[{"count":0,"href":"https:\/\/userblogs.fu-berlin.de\/fsi_osi\/wp-json\/wp\/v2\/posts\/45\/revisions"}],"wp:attachment":[{"href":"https:\/\/userblogs.fu-berlin.de\/fsi_osi\/wp-json\/wp\/v2\/media?parent=45"}],"wp:term":[{"taxonomy":"category","embeddable":true,"href":"https:\/\/userblogs.fu-berlin.de\/fsi_osi\/wp-json\/wp\/v2\/categories?post=45"},{"taxonomy":"post_tag","embeddable":true,"href":"https:\/\/userblogs.fu-berlin.de\/fsi_osi\/wp-json\/wp\/v2\/tags?post=45"}],"curies":[{"name":"wp","href":"https:\/\/api.w.org\/{rel}","templated":true}]}}