{"id":46,"date":"2009-02-10T17:57:37","date_gmt":"2009-02-10T16:57:37","guid":{"rendered":"http:\/\/fsiosi.blogsport.de\/?p=46"},"modified":"2009-02-10T17:57:37","modified_gmt":"2009-02-10T16:57:37","slug":"neue-osi-zeitung-erschienen","status":"publish","type":"post","link":"https:\/\/userblogs.fu-berlin.de\/fsi_osi\/2009\/02\/10\/neue-osi-zeitung-erschienen\/","title":{"rendered":"Neue OSI-Zeitung erschienen"},"content":{"rendered":"<p>Seit dieser Woche gibt es die siebte Ausgabe der OSI-Zeitung an verschiedenen Stellen im Institut zum kostenlosen mitnehmen. Inhaltlich setzen gro\u00dfe Artikel zu der Auseinandersetzung um den FSB 700 samt Ideengeschichtsstreit, der politischen Kultur am OSI (s. auch <a href=\"http:\/\/fsiosi.blogsport.de\/2008\/12\/17\/das-klima-am-osi-wird-immer-giftiger\/\"><em>hier<\/em><\/a>) und den Geschehnissen rund um die Immatrikulationsfeier die Schwerpunkte. Ausserdem geht&#8217;s um das Ende der politischen Erwachsenenbildung am OSI und die hauseigene FU-Jubelpropaganda. Kurze Meldungen aus dem Institutsalltag, ein Kommentar und eine Glosse runden die Zeitung ab.<br \/>\nLeider m\u00fcssen wir als FSI OSI zu zwei Artikeln deutliche inhaltliche Kritik loswerden. Zum einen zum Aufmacherartikel &#8222;Im Sch\u00fctzengraben&#8220; (S. 1 ff.), in dem behauptet wird, die Fachschaftsinitiative h\u00e4tte zum &#8222;Who the fuck is SFB 700&#8220;-Vortrag geladen. Das stimmt schlicht und ergreifend nicht. Wir haben mehrfach auf Treffen dar\u00fcber diskutiert, ob wir die Veranstaltung mittragen, und sind zu dem Schluss gekommen, dies nicht zu tun. Und zwar aus dem einfachen Grund, dass keineR der damals Anwesenden sich eingehender mit dem SFB besch\u00e4ftigt hatte und wir nicht so leicht, quasi aus dem Bauch heraus, eine Veranstaltung zu dem Thema (mit-)veranstalten wollten. Im zweiten Fall geht es um die Glosse &#8222;In Dahlem nichts Neues&#8220; (S.9), in der eine N\u00e4he der FSI zur Aktion mit den blutigen Kissen im November hergestellt wird. Auch hier waren wir als Ini in keinster Weise beteiligt, diese Aktion ging nicht einmal von einer hochschulpolitischen Gruppe aus. Es handelte sich dabei um eine Aktion des &#8222;Nomadischen Anti-Kriegs-Caf\u00e9s&#8220;, an der nat\u00fcrlich auch Studierende beteiligt waren. Wir h\u00e4tten uns gefreut, wenn die Redaktion der OSI-Zeitung da vielleicht einmal vorher nachgefragt h\u00e4tte.<br \/>\nAnsonsten viel Spa\u00df mit der &#8211; wie \u00fcblich sehr informativen &#8211; Zeitschrift und eine angenehme letzte Uni-Woche. <\/p>\n","protected":false},"excerpt":{"rendered":"<p>Seit dieser Woche gibt es die siebte Ausgabe der OSI-Zeitung an verschiedenen Stellen im Institut zum kostenlosen mitnehmen. Inhaltlich setzen gro\u00dfe Artikel zu der Auseinandersetzung um den FSB 700 samt Ideengeschichtsstreit, der politischen Kultur am OSI (s. auch hier) und den Geschehnissen rund um die Immatrikulationsfeier die Schwerpunkte. Ausserdem geht&#8217;s um das Ende der politischen &hellip; <a href=\"https:\/\/userblogs.fu-berlin.de\/fsi_osi\/2009\/02\/10\/neue-osi-zeitung-erschienen\/\" class=\"more-link\"><span class=\"screen-reader-text\">\u201eNeue OSI-Zeitung erschienen\u201c<\/span> weiterlesen<\/a><\/p>\n","protected":false},"author":6075,"featured_media":0,"comment_status":"open","ping_status":"open","sticky":false,"template":"","format":"standard","meta":{"footnotes":""},"categories":[91,463640,463967,463349],"tags":[],"class_list":["post-46","post","type-post","status-publish","format-standard","hentry","category-allgemein","category-ankuendigungen","category-hochschulpolitik","category-osi"],"_links":{"self":[{"href":"https:\/\/userblogs.fu-berlin.de\/fsi_osi\/wp-json\/wp\/v2\/posts\/46","targetHints":{"allow":["GET"]}}],"collection":[{"href":"https:\/\/userblogs.fu-berlin.de\/fsi_osi\/wp-json\/wp\/v2\/posts"}],"about":[{"href":"https:\/\/userblogs.fu-berlin.de\/fsi_osi\/wp-json\/wp\/v2\/types\/post"}],"author":[{"embeddable":true,"href":"https:\/\/userblogs.fu-berlin.de\/fsi_osi\/wp-json\/wp\/v2\/users\/6075"}],"replies":[{"embeddable":true,"href":"https:\/\/userblogs.fu-berlin.de\/fsi_osi\/wp-json\/wp\/v2\/comments?post=46"}],"version-history":[{"count":0,"href":"https:\/\/userblogs.fu-berlin.de\/fsi_osi\/wp-json\/wp\/v2\/posts\/46\/revisions"}],"wp:attachment":[{"href":"https:\/\/userblogs.fu-berlin.de\/fsi_osi\/wp-json\/wp\/v2\/media?parent=46"}],"wp:term":[{"taxonomy":"category","embeddable":true,"href":"https:\/\/userblogs.fu-berlin.de\/fsi_osi\/wp-json\/wp\/v2\/categories?post=46"},{"taxonomy":"post_tag","embeddable":true,"href":"https:\/\/userblogs.fu-berlin.de\/fsi_osi\/wp-json\/wp\/v2\/tags?post=46"}],"curies":[{"name":"wp","href":"https:\/\/api.w.org\/{rel}","templated":true}]}}