{"id":53,"date":"2009-04-29T17:19:17","date_gmt":"2009-04-29T16:19:17","guid":{"rendered":"http:\/\/fsiosi.blogsport.de\/2009\/04\/29\/bericht-aus-dem-i-rat-2\/"},"modified":"2009-04-29T17:19:17","modified_gmt":"2009-04-29T16:19:17","slug":"bericht-aus-dem-i-rat-2","status":"publish","type":"post","link":"https:\/\/userblogs.fu-berlin.de\/fsi_osi\/2009\/04\/29\/bericht-aus-dem-i-rat-2\/","title":{"rendered":"Bericht aus dem I-rat"},"content":{"rendered":"<p>Heute traf sich der neugew\u00e4hlte Institutsrat des OSI mit gro\u00dfer studentischer Beteiligung zur konstituierenden Sitzung. Dabei waren einige wichtige Themen auf der Tagesordnung.<br \/>\nIm ersten Akt wurde Dagmar Vinz (in Abwesenheit) zur neuen Gesch\u00e4ftsf\u00fchrenden Direktorin gew\u00e4hlt (6 Ja-Stimmen, 2 ung\u00fcltig). Auf die Wahl einer\/s Stellvertreter_in wurde verzichtet, stattdessen sollen die Aufgaben in Zukunft unter den Mitgliedern des Institusrat verteilt werden. Als einziges Argument f\u00fcr Dagmar Vinz wurde angef\u00fchrt sie sei relativ neu und deswegen nicht in die bestehenden Fraktionierungen eingebunden.<br \/>\nIm zweiten Punkt der Tagesordnung berichtete Peter Massing von der Haushaltssituation, die (wie immer) kathastrophal ist. Es besteht ein  Defizit von mindestens 370.000 \u20ac, das gel\u00f6st werden soll indem keine Leistungsmittel an die Fachbereiche ausgezahlt werden, sondern diese zur Stopfung des Finanzloches verwendet werden. Wie ohne die Leistungsmittel allerdings die Lehrauftr\u00e4ge und laufenden Kosten am Institut gedeckt werden sollen blieb unklar.<br \/>\n<strong>Diplom is back<\/strong><br \/>\nSehr erfreulich gestaltete sich der Tagesordnungspunkt \u201eDiplom\u201c. Einstimmig wurde die Wiedereinf\u00fchrung (bzw. das Ende der Aussetzung)  des Diploms zum kommenden Wintersemester beschlossen.  Diesem Votum d\u00fcrfte der Fachbereichsrat folgen, danach muss noch der Akademische Senat zustimmen, hier ist das Ergebnis schwerer abzusehen. Dennoch sind die Chancen gut, dass das Diplom wieder kommt. Das ist ein Riesenerfolg, der nicht zuletzt studentischem Engagement und dem stetigen Wechsel von Bachelorstudierenden ins Diplom zu verdanken ist. Ob der Wechsel ins Diplom allerdings auch f\u00fcr die jetzigen Zweitsemerster_innen m\u00f6glich sein wird ist im Moment noch unklar.<br \/>\nAls n\u00e4chstes berichtete Peter Massing von der Situation der Lehre im Bereich Sozialkunde. Die Lehre wird zu einem gro\u00dfen  Teil von der wissentschaftlichen Mitarbeiterin Sabine Achour bestritten, deren Vertag zum Sommer ausl\u00e4uft. Der Institusrat bef\u00fcrwortete bei drei Enthaltungen den Antrag auf Verl\u00e4ngerung\/Entfristung ihres Vertrages an das Dekanat.<br \/>\nDann wurde der Pr\u00fcfungsausschuss best\u00e4tigt. Auf die studentische Nachfrage warum er sich fast ausschlie\u00dflich aus Professor_innen aus dem Bereich IB\/SFB zusammensetzt, wurde entgegenet es g\u00e4be sonst niemanden, der\/die zu dieser Aufgabe bereit sei. Eine Vertagung wurde abgelehnt und der Ausschuss best\u00e4tigt (6 Ja, 2 Enthaltungen, 1 Nein).<br \/>\nDer n\u00e4chste Tagesordnungspunkt wurde von studentischer Seite auf die Tagesordnung gesetzt und besch\u00e4ftigte sich mit der Situation in der Ideengeschichte und dem unr\u00fchmlichen Abgang von Klaus Roth (siehe hier und hier). Massing und Funke begr\u00fcndeten die Tatsache, dass die Vertretungsprofessur von Klaus Roth nicht verl\u00e4ngert wurde mit der Tatsache, dass das Pr\u00e4sidium Vertretungsprofessuren seit diesem Semester nicht mehr finanziert und das OSI aufgrund der finanziellen Lage nicht in der Lage sei die Kosten zu \u00fcbernehmen. In mehreren Beitr\u00e4gen von Studierenden wurde auf die kathastrophale Situation in der Lehre im Bereich Ideengeschichte eingegangen (nur 4 Seminare im Grundstudium, im Hauptstudium noch weniger, keine professorale Betreuung usw.). Bernd Ladwig schloss sich dem an und bezeichnete den Zustand der Ideengeschichte am OSI als  \u201eTreppenwitz\u201c und die Situation in der Theorie insgesamt als untragbar. Einstimmig wurde die schnelle Berufung der Juniorprofessur Ideengeschichte mit Tenure Track gefordert. Andere Professor_innen  Etwas \u00fcberrschend wurde danach auch noch die studentische Forderung nach einer Gastprofessur in diesem Bereich bis zur Entfristung der Juniorprofessur zugestimmt (3 Ja, 6 Enthaltungen). Damit hier aber auch wirklich etwas passiert wird es weiterhin viel  Druck von Seiten der Studierenden brauchen.<br \/>\nIn zwei kurzen Punkten wurden noch die Teilnahmebegrenzung bei Dagmar Vinz mit Teilnehmer_innen aus einem kostenplichtigen Studiengang verwiesen und die Frage nach den verschwundenen Wandmalereien in der Garystr. 55 an den Verwaltungsleiter Brose verwiesen.<br \/>\nInsgesamt ein erfreulicher Morgen. Es bleibt zu hoffen, dass die Einf\u00fchrung des Diploms und die Ausschreibung der Juniorprofessur mit Tenure Track wirklich und schnell passieren. Es darf au\u00dferdem nicht vergessen werden, dass viele der Professor_innen, die heute die Situation in der Ideengeschichte beklagt haben, Protagonist_innen der Umstrukturierung des OSI waren und sind und damit direkt (konkret durch die Berufungen Chojnacki und Z\u00fcrcher) f\u00fcr die kathastrophale Situation in der Ideengeschichte heute verantwortlich sind.<\/p>\n","protected":false},"excerpt":{"rendered":"<p>Heute traf sich der neugew\u00e4hlte Institutsrat des OSI mit gro\u00dfer studentischer Beteiligung zur konstituierenden Sitzung. Dabei waren einige wichtige Themen auf der Tagesordnung. Im ersten Akt wurde Dagmar Vinz (in Abwesenheit) zur neuen Gesch\u00e4ftsf\u00fchrenden Direktorin gew\u00e4hlt (6 Ja-Stimmen, 2 ung\u00fcltig). Auf die Wahl einer\/s Stellvertreter_in wurde verzichtet, stattdessen sollen die Aufgaben in Zukunft unter den &hellip; <a href=\"https:\/\/userblogs.fu-berlin.de\/fsi_osi\/2009\/04\/29\/bericht-aus-dem-i-rat-2\/\" class=\"more-link\"><span class=\"screen-reader-text\">\u201eBericht aus dem I-rat\u201c<\/span> weiterlesen<\/a><\/p>\n","protected":false},"author":6075,"featured_media":0,"comment_status":"open","ping_status":"open","sticky":false,"template":"","format":"standard","meta":{"footnotes":""},"categories":[91,464170,463967,463349],"tags":[],"class_list":["post-53","post","type-post","status-publish","format-standard","hentry","category-allgemein","category-gremienarbeit","category-hochschulpolitik","category-osi"],"_links":{"self":[{"href":"https:\/\/userblogs.fu-berlin.de\/fsi_osi\/wp-json\/wp\/v2\/posts\/53","targetHints":{"allow":["GET"]}}],"collection":[{"href":"https:\/\/userblogs.fu-berlin.de\/fsi_osi\/wp-json\/wp\/v2\/posts"}],"about":[{"href":"https:\/\/userblogs.fu-berlin.de\/fsi_osi\/wp-json\/wp\/v2\/types\/post"}],"author":[{"embeddable":true,"href":"https:\/\/userblogs.fu-berlin.de\/fsi_osi\/wp-json\/wp\/v2\/users\/6075"}],"replies":[{"embeddable":true,"href":"https:\/\/userblogs.fu-berlin.de\/fsi_osi\/wp-json\/wp\/v2\/comments?post=53"}],"version-history":[{"count":0,"href":"https:\/\/userblogs.fu-berlin.de\/fsi_osi\/wp-json\/wp\/v2\/posts\/53\/revisions"}],"wp:attachment":[{"href":"https:\/\/userblogs.fu-berlin.de\/fsi_osi\/wp-json\/wp\/v2\/media?parent=53"}],"wp:term":[{"taxonomy":"category","embeddable":true,"href":"https:\/\/userblogs.fu-berlin.de\/fsi_osi\/wp-json\/wp\/v2\/categories?post=53"},{"taxonomy":"post_tag","embeddable":true,"href":"https:\/\/userblogs.fu-berlin.de\/fsi_osi\/wp-json\/wp\/v2\/tags?post=53"}],"curies":[{"name":"wp","href":"https:\/\/api.w.org\/{rel}","templated":true}]}}