{"id":537,"date":"2021-02-15T13:51:00","date_gmt":"2021-02-15T12:51:00","guid":{"rendered":"https:\/\/userblogs.fu-berlin.de\/fsi_osi\/?p=537"},"modified":"2021-05-28T13:54:04","modified_gmt":"2021-05-28T11:54:04","slug":"diskussion-zur-lehre-am-osi","status":"publish","type":"post","link":"https:\/\/userblogs.fu-berlin.de\/fsi_osi\/2021\/02\/15\/diskussion-zur-lehre-am-osi\/","title":{"rendered":"Diskussion zur Lehre am OSI"},"content":{"rendered":"\n<p>Vielen Dank, dass Ihr so zahlreich an unserer Diskussion zur Online-Lehre am OSI teilgenommen habt! Wir fanden den Austausch mit Euch sehr spannend und haben viele Anregungen mitgenommen. Diesen Mittwoch diskutieren wir mit dem Institutsrat \u00fcber die Online-Lehre und was sie f\u00fcr Studierende bedeutet. <\/p>\n\n\n\n<p>Wir fordern: <\/p>\n\n\n\n<p>Eine klare, fr\u00fchzeitige und proaktive Kommunikation mit den Studierenden durch das Institut, den Fachbereich und die Universit\u00e4t! Vor allem Informationen zur aktuellen Situation und Form der Lehre m\u00fcssen Studierende schnell, einfach und verst\u00e4ndlich erreichen.<\/p>\n\n\n\n<p> Sobald es die Pandemielage erlaubt, m\u00fcssen Formen hybrider Lehre erm\u00f6glicht werden! <\/p>\n\n\n\n<p>Daf\u00fcr ist die Erarbeitung bzw. Anpassung eines umfassenden Hygienekonzepts notwendig, das die Bed\u00fcrfnisse aller Studierenden ber\u00fccksichtigt. Es m\u00fcssen jetzt verschiedene \u00d6ffnungspl\u00e4ne f\u00fcr unterschiedliche Szenarien entwickelt werden, damit die sichere R\u00fcckkehr zum Hybrid- und Pr\u00e4senzbetrieb an der Universit\u00e4t gew\u00e4hrleistet werden kann, sobald es die Infektionslage zul\u00e4sst! <\/p>\n\n\n\n<p>Instituts- und Fachbereichsleitung m\u00fcssen an die Lehrenden appellieren, die Anforderungen der Veranstaltungen der Pandemiesituation anzupassen! Alle Lehrende und die Universit\u00e4t m\u00fcssen f\u00fcr die Herausforderungen des digitalen Studierens sensibilisiert werden. Besonders die Mehrfachbelastung vieler Studierender in der Pandemie durch fehlende soziale Kontakte, geringe Austauschm\u00f6glichkeiten und ihre angespannte finanzielle Situation, muss anerkannt werden. <\/p>\n\n\n\n<p>Ihr k\u00f6nnt au\u00dferdem weiterhin W\u00fcnsche und Anregungen zur Lehre und Seminarinhalten f\u00fcr das n\u00e4chste Wintersemester 2021\/22 in das W\u00fcnsche-Pad der ABK OSI eintragen!<a href=\"https:\/\/pad.riseup.net\/p\/W%C3%BCnsch-dir-was-PAD_(OSI_ABK)-keep\"> https:\/\/pad.riseup.net\/p\/W%C3%BCnsch-dir-was-PAD_(OSI_ABK)-keep<\/a><\/p>\n","protected":false},"excerpt":{"rendered":"<p>Vielen Dank, dass Ihr so zahlreich an unserer Diskussion zur Online-Lehre am OSI teilgenommen habt! Wir fanden den Austausch mit Euch sehr spannend und haben viele Anregungen mitgenommen. Diesen Mittwoch diskutieren wir mit dem Institutsrat \u00fcber die Online-Lehre und was sie f\u00fcr Studierende bedeutet. Wir fordern: Eine klare, fr\u00fchzeitige und proaktive Kommunikation mit den Studierenden &hellip; <a href=\"https:\/\/userblogs.fu-berlin.de\/fsi_osi\/2021\/02\/15\/diskussion-zur-lehre-am-osi\/\" class=\"more-link\"><span class=\"screen-reader-text\">\u201eDiskussion zur Lehre am OSI\u201c<\/span> weiterlesen<\/a><\/p>\n","protected":false},"author":6075,"featured_media":0,"comment_status":"open","ping_status":"open","sticky":false,"template":"","format":"standard","meta":{"footnotes":""},"categories":[91],"tags":[],"class_list":["post-537","post","type-post","status-publish","format-standard","hentry","category-allgemein"],"_links":{"self":[{"href":"https:\/\/userblogs.fu-berlin.de\/fsi_osi\/wp-json\/wp\/v2\/posts\/537","targetHints":{"allow":["GET"]}}],"collection":[{"href":"https:\/\/userblogs.fu-berlin.de\/fsi_osi\/wp-json\/wp\/v2\/posts"}],"about":[{"href":"https:\/\/userblogs.fu-berlin.de\/fsi_osi\/wp-json\/wp\/v2\/types\/post"}],"author":[{"embeddable":true,"href":"https:\/\/userblogs.fu-berlin.de\/fsi_osi\/wp-json\/wp\/v2\/users\/6075"}],"replies":[{"embeddable":true,"href":"https:\/\/userblogs.fu-berlin.de\/fsi_osi\/wp-json\/wp\/v2\/comments?post=537"}],"version-history":[{"count":1,"href":"https:\/\/userblogs.fu-berlin.de\/fsi_osi\/wp-json\/wp\/v2\/posts\/537\/revisions"}],"predecessor-version":[{"id":538,"href":"https:\/\/userblogs.fu-berlin.de\/fsi_osi\/wp-json\/wp\/v2\/posts\/537\/revisions\/538"}],"wp:attachment":[{"href":"https:\/\/userblogs.fu-berlin.de\/fsi_osi\/wp-json\/wp\/v2\/media?parent=537"}],"wp:term":[{"taxonomy":"category","embeddable":true,"href":"https:\/\/userblogs.fu-berlin.de\/fsi_osi\/wp-json\/wp\/v2\/categories?post=537"},{"taxonomy":"post_tag","embeddable":true,"href":"https:\/\/userblogs.fu-berlin.de\/fsi_osi\/wp-json\/wp\/v2\/tags?post=537"}],"curies":[{"name":"wp","href":"https:\/\/api.w.org\/{rel}","templated":true}]}}