{"id":621,"date":"2022-04-28T09:01:56","date_gmt":"2022-04-28T07:01:56","guid":{"rendered":"https:\/\/userblogs.fu-berlin.de\/fsi_osi\/?p=621"},"modified":"2022-04-28T09:01:56","modified_gmt":"2022-04-28T07:01:56","slug":"bericht-aus-dem-institutsrat-vom-27-04-2022","status":"publish","type":"post","link":"https:\/\/userblogs.fu-berlin.de\/fsi_osi\/2022\/04\/28\/bericht-aus-dem-institutsrat-vom-27-04-2022\/","title":{"rendered":"Bericht aus dem Institutsrat vom 27.04.2022"},"content":{"rendered":"\n<p>Wie auch das gesellschaftliche Leben wachte mit Beginn des Semesters das Institut aus dem Corona bedingten Dornr\u00f6schenschlaf auf und heute kam der erste Institutsrat seit zwei Jahren in Pr\u00e4senz zu Stande. Folgende Beschl\u00fcsse und Mitteilungen wollen wir mit euch teilen.&nbsp;<\/p>\n\n\n\n<ul class=\"wp-block-list\"><li>Steve Kenner ist neu als Gastdozent Vertretung der Professur f\u00fcr Politikdidaktik mit dem Schwerpunkt Bildung f\u00fcr Nachhaltigkeit \/ Transformative Bildung<\/li><li>Sven Chojnacki kandidiert als Vizepr\u00e4sident 3 der FU<\/li><li>Die Hearings im Berufungsverfahren zur Besetzung der Professur f\u00fcr theoretische und rechtliche Grundlagen der Politik\u201c finden am 02., 05. Und 06. Mai statt. Mehr Infos hier:\u00a0<a href=\"https:\/\/www.polsoz.fu-berlin.de\/polwiss\/termine\/2022-05-02_Hearings-Theorie_Recht.html\">https:\/\/www.polsoz.fu-berlin.de\/polwiss\/termine\/2022-05-02_Hearings-Theorie_Recht.html<\/a> Studentische Beteiligung ist bei den Lehrproben erw\u00fcnscht. Bei\u00a0<a href=\"mailto:corinna.schroeder@fu-berlin.de\">corinna.schroeder@fu-berlin.de<\/a>\u00a0k\u00f6nnt ihr euch daf\u00fcr anmelden.<\/li><\/ul>\n\n\n\n<ul class=\"wp-block-list\"><li>Dr. Anja Osei (Uni Konstanz) wird auf die Professur \u201eVergleichende Politikwissenschaft mit Schwerpunkt Politik und Gesellschaft in Afrika\u201c berufen<\/li><li>Es steht erneut ein Gespr\u00e4ch mit der Gesch\u00e4ftsf\u00fchrung und den studentischen Vertreter*innen an. Schreibt uns gerne mit Beschwerden und Ideen zu dem aktuellen Semester und der Lehre.<\/li><li>Es gab eine rege Diskussion \u00fcber die Lehre im aktuellen Semester. Prim\u00e4r \u00fcber stark \u00fcberf\u00fcllte Seminare und Online-Lehroptionen.\u00a0\u00a0\u00a0<\/li><\/ul>\n\n\n\n<p>Eure FSI*OSI<\/p>\n","protected":false},"excerpt":{"rendered":"<p>Wie auch das gesellschaftliche Leben wachte mit Beginn des Semesters das Institut aus dem Corona bedingten Dornr\u00f6schenschlaf auf und heute kam der erste Institutsrat seit zwei Jahren in Pr\u00e4senz zu Stande. Folgende Beschl\u00fcsse und Mitteilungen wollen wir mit euch teilen.&nbsp; Steve Kenner ist neu als Gastdozent Vertretung der Professur f\u00fcr Politikdidaktik mit dem Schwerpunkt Bildung &hellip; <a href=\"https:\/\/userblogs.fu-berlin.de\/fsi_osi\/2022\/04\/28\/bericht-aus-dem-institutsrat-vom-27-04-2022\/\" class=\"more-link\"><span class=\"screen-reader-text\">\u201eBericht aus dem Institutsrat vom 27.04.2022\u201c<\/span> weiterlesen<\/a><\/p>\n","protected":false},"author":6075,"featured_media":0,"comment_status":"open","ping_status":"open","sticky":false,"template":"","format":"standard","meta":{"footnotes":""},"categories":[91],"tags":[466598,466597],"class_list":["post-621","post","type-post","status-publish","format-standard","hentry","category-allgemein","tag-gremium","tag-institutsrat"],"_links":{"self":[{"href":"https:\/\/userblogs.fu-berlin.de\/fsi_osi\/wp-json\/wp\/v2\/posts\/621","targetHints":{"allow":["GET"]}}],"collection":[{"href":"https:\/\/userblogs.fu-berlin.de\/fsi_osi\/wp-json\/wp\/v2\/posts"}],"about":[{"href":"https:\/\/userblogs.fu-berlin.de\/fsi_osi\/wp-json\/wp\/v2\/types\/post"}],"author":[{"embeddable":true,"href":"https:\/\/userblogs.fu-berlin.de\/fsi_osi\/wp-json\/wp\/v2\/users\/6075"}],"replies":[{"embeddable":true,"href":"https:\/\/userblogs.fu-berlin.de\/fsi_osi\/wp-json\/wp\/v2\/comments?post=621"}],"version-history":[{"count":1,"href":"https:\/\/userblogs.fu-berlin.de\/fsi_osi\/wp-json\/wp\/v2\/posts\/621\/revisions"}],"predecessor-version":[{"id":622,"href":"https:\/\/userblogs.fu-berlin.de\/fsi_osi\/wp-json\/wp\/v2\/posts\/621\/revisions\/622"}],"wp:attachment":[{"href":"https:\/\/userblogs.fu-berlin.de\/fsi_osi\/wp-json\/wp\/v2\/media?parent=621"}],"wp:term":[{"taxonomy":"category","embeddable":true,"href":"https:\/\/userblogs.fu-berlin.de\/fsi_osi\/wp-json\/wp\/v2\/categories?post=621"},{"taxonomy":"post_tag","embeddable":true,"href":"https:\/\/userblogs.fu-berlin.de\/fsi_osi\/wp-json\/wp\/v2\/tags?post=621"}],"curies":[{"name":"wp","href":"https:\/\/api.w.org\/{rel}","templated":true}]}}