{"id":639,"date":"2023-02-16T17:34:43","date_gmt":"2023-02-16T16:34:43","guid":{"rendered":"https:\/\/userblogs.fu-berlin.de\/fsi_osi\/?p=639"},"modified":"2023-02-16T17:34:43","modified_gmt":"2023-02-16T16:34:43","slug":"statement-zu-unserer-veranstaltung-heute-am-donnerstag-den-16-02-2023","status":"publish","type":"post","link":"https:\/\/userblogs.fu-berlin.de\/fsi_osi\/2023\/02\/16\/statement-zu-unserer-veranstaltung-heute-am-donnerstag-den-16-02-2023\/","title":{"rendered":"Statement zu unserer Veranstaltung heute am Donnerstag den 16.02.2023"},"content":{"rendered":"\n<p>Heute, Donnerstag 16. Februar, findet die von uns mitorganisierte Lesung des Buches \u201eRassismus. Von der fr\u00fchen Bundesrepublik bis zur Gegenwart\u201c herausgegeben von Vojin Sa\u0161a Vukadinovi\u0107, statt.&nbsp;Vukadinovi\u0107 nimmt selbst an dieser Veranstaltung teil.<\/p>\n\n\n\n<p>Wir wurden darauf hingewisen, dass Vukadinovi\u0107 zu verschiedenen Zeitpunkten mit Texten und Debattenbeitr\u00e4gen aufgefallen ist, welche transfeindliche Narrative&nbsp;bedienen. Vukadinovi\u0107&nbsp;hat u.a.&nbsp;transfeindliche Personen wie Kathleen Stock&nbsp;verteidigt&nbsp;und&nbsp;ihr Buch &#8222;Material Girls&#8220; \u00fcbersetzt [1]. Weiter kommt er in einem 2017 erschienenen Artikel der &#8222;Emma&#8220; zu dem Schluss, die heutigen Gender Studies seien &#8222;der akademische Sargnagel der Frauenemanzipation&#8220; [2], oder kommt&nbsp;in einem 2019 in der Neuen Z\u00fcrcher Zeitung erschienen Artikel&nbsp;zum Schluss, dass&nbsp;die&nbsp;Gender Studies&nbsp;ein&nbsp;Antifeminismus von links&nbsp;seien&nbsp;[3].<\/p>\n\n\n\n<p>Wir teilen diese Auffassungen nicht und denken, dass Vukadinovi\u0107 dadurch einen&nbsp;Diskurs \u00fcber &#8222;Cancel Culture&#8220; und &#8222;Kulturkampf&#8220; bedient, der letztlich zur Gef\u00e4hrdung von Trans-Personen und muslimischen Mitmenschen f\u00fchrt. (Selbst-)Kritik, gerade innerhalb einer emanzipatorisch verstehenden, feministischen Bewegung ist wichtig. Doch \u00e4u\u00dferte Vukadinovi\u0107 Kritik in einer Art und Weise, die an Transphobie und Islamfeindlichkeit anschlie\u00dft.<\/p>\n\n\n\n<p>Die Lesung thematisiert Rassismus und Rassismuskritik. Wir zeigen uns daher optimistisch, dass dort antimuslimischer Rassismus thematisiert wird und solche Aussagen, wie sie Vukadinovi\u0107 t\u00e4tigte, kritisch eingeordnet werden. Dennoch&nbsp;ziehen&nbsp;wir&nbsp;die Konsequenz daraus, bei zuk\u00fcnftigen Veranstaltungen uns&nbsp;intensiver mit dem Hintergrund&nbsp;der referierenden Personen und ihren Positionen zu besch\u00e4ftigen. Wir bitten&nbsp;-insbesondere von Transphobie, antimuslimischen Rassismus und Neu-Rechter Narrative betroffenen- um Entschuldigung&nbsp;und&nbsp;m\u00f6chten uns zuk\u00fcnftig&nbsp;daf\u00fcr einsetzten, dass mit diesen Problemen in der Wissenschaft an der FU kritisch umgegangen wird.&nbsp;<\/p>\n\n\n\n<p>Eure FSI*OSI<\/p>\n\n\n\n<p>[1] Zur Verteidigung Kathleen Stocks, siehe:&nbsp;<a href=\"https:\/\/jungle.world\/artikel\/2021\/50\/das-bisschen-mobbing\">https:\/\/jungle.world\/artikel\/2021\/50\/das-bisschen-mobbing<\/a><\/p>\n\n\n\n<p>[2]&nbsp;<a href=\"https:\/\/www.emma.de\/artikel\/gender-studies-sargnaegel-des-feminismus-334569\">https:\/\/www.emma.de\/artikel\/gender-studies-sargnaegel-des-feminismus-334569<\/a><\/p>\n\n\n\n<p>[3]&nbsp;<a href=\"https:\/\/www.nzz.ch\/feuilleton\/gender-theoretikerinnen-warum-sie-oft-frauenfeindlich-agieren-ld.1527480\">https:\/\/www.nzz.ch\/feuilleton\/gender-theoretikerinnen-warum-sie-oft-frauenfeindlich-agieren-ld.1527480<\/a><\/p>\n","protected":false},"excerpt":{"rendered":"<p>Heute, Donnerstag 16. Februar, findet die von uns mitorganisierte Lesung des Buches \u201eRassismus. Von der fr\u00fchen Bundesrepublik bis zur Gegenwart\u201c herausgegeben von Vojin Sa\u0161a Vukadinovi\u0107, statt.&nbsp;Vukadinovi\u0107 nimmt selbst an dieser Veranstaltung teil. Wir wurden darauf hingewisen, dass Vukadinovi\u0107 zu verschiedenen Zeitpunkten mit Texten und Debattenbeitr\u00e4gen aufgefallen ist, welche transfeindliche Narrative&nbsp;bedienen. Vukadinovi\u0107&nbsp;hat u.a.&nbsp;transfeindliche Personen wie Kathleen &hellip; <a href=\"https:\/\/userblogs.fu-berlin.de\/fsi_osi\/2023\/02\/16\/statement-zu-unserer-veranstaltung-heute-am-donnerstag-den-16-02-2023\/\" class=\"more-link\"><span class=\"screen-reader-text\">\u201eStatement zu unserer Veranstaltung heute am Donnerstag den 16.02.2023\u201c<\/span> weiterlesen<\/a><\/p>\n","protected":false},"author":6075,"featured_media":0,"comment_status":"open","ping_status":"open","sticky":false,"template":"","format":"standard","meta":{"footnotes":""},"categories":[91],"tags":[],"class_list":["post-639","post","type-post","status-publish","format-standard","hentry","category-allgemein"],"_links":{"self":[{"href":"https:\/\/userblogs.fu-berlin.de\/fsi_osi\/wp-json\/wp\/v2\/posts\/639","targetHints":{"allow":["GET"]}}],"collection":[{"href":"https:\/\/userblogs.fu-berlin.de\/fsi_osi\/wp-json\/wp\/v2\/posts"}],"about":[{"href":"https:\/\/userblogs.fu-berlin.de\/fsi_osi\/wp-json\/wp\/v2\/types\/post"}],"author":[{"embeddable":true,"href":"https:\/\/userblogs.fu-berlin.de\/fsi_osi\/wp-json\/wp\/v2\/users\/6075"}],"replies":[{"embeddable":true,"href":"https:\/\/userblogs.fu-berlin.de\/fsi_osi\/wp-json\/wp\/v2\/comments?post=639"}],"version-history":[{"count":1,"href":"https:\/\/userblogs.fu-berlin.de\/fsi_osi\/wp-json\/wp\/v2\/posts\/639\/revisions"}],"predecessor-version":[{"id":640,"href":"https:\/\/userblogs.fu-berlin.de\/fsi_osi\/wp-json\/wp\/v2\/posts\/639\/revisions\/640"}],"wp:attachment":[{"href":"https:\/\/userblogs.fu-berlin.de\/fsi_osi\/wp-json\/wp\/v2\/media?parent=639"}],"wp:term":[{"taxonomy":"category","embeddable":true,"href":"https:\/\/userblogs.fu-berlin.de\/fsi_osi\/wp-json\/wp\/v2\/categories?post=639"},{"taxonomy":"post_tag","embeddable":true,"href":"https:\/\/userblogs.fu-berlin.de\/fsi_osi\/wp-json\/wp\/v2\/tags?post=639"}],"curies":[{"name":"wp","href":"https:\/\/api.w.org\/{rel}","templated":true}]}}