{"id":68,"date":"2009-07-14T13:58:08","date_gmt":"2009-07-14T12:58:08","guid":{"rendered":"http:\/\/fsiosi.blogsport.de\/?p=68"},"modified":"2009-07-14T13:58:08","modified_gmt":"2009-07-14T12:58:08","slug":"neue-ausgabe-der-osi-zeitung-erschienen","status":"publish","type":"post","link":"https:\/\/userblogs.fu-berlin.de\/fsi_osi\/2009\/07\/14\/neue-ausgabe-der-osi-zeitung-erschienen\/","title":{"rendered":"Neue Ausgabe der OSI-Zeitung erschienen"},"content":{"rendered":"<p>Seit dieser Woche und damit gerade noch rechtzeitig vor Ende des Semesters gibt es eine neue Ausgabe der OSI-Zeitung (OZ). Es ist das erste Mal seit Februar, dass die OZ erscheint. Dieses Mal ist die Zeitung daf\u00fcr auch wieder deutlich l\u00e4nger, auf 24 Seiten statt auf 16 wird \u00fcber das aktuelle Institutsgeschehen berichtet. Das Layout wirkt gewohnt professionell, einige sehr nette Bilder begleiten die Artikel. Leider gibt es in mehreren Artikeln \u00e4rgerliche Rechtschreib- und Syntaxfehler, aber da hat wohl der Zeitdruck auch eine Rolle gespielt.<\/p>\n<p>Inhaltlich geht es um ein recht breites Themenspektrum: Den Aufmacher stellt eine Geschichte \u00fcber das OSI-Diplom dar (dazu sp\u00e4ter mehr), der Philosophiestudent Mathias Bartelt und OSI-Prof Bernd Ladwig liefern sich ein Streitgespr\u00e4ch \u00fcber den SFB 700, es gibt einen Artikel zur Situation des Bereichs Rechtliche Grundlagen der Politik, ein Interview zum Bildungsstreik und eine Erkl\u00e4rung des Haushaltswesens an der FU. Auch die Ideengeschichte ist wieder mal Thema, leider muss das immer noch sein. Eine Reflexion \u00fcber Versagens- und andere \u00c4ngste an der Uni, eine Vorstellung der neuen Direktorin des OSI, Dagmar Vinz, und einige weitere kleinere Artikel runden die Zeitung ab. <\/p>\n<p>Auf <a href=\"http:\/\/fuwatch.wordpress.com\/\">FUWatch<\/a> stellte Niklas anl\u00e4sslich der letzten Ausgabe der OZ fest: &#8222;<em>sie bietet dem hochschulpolitisch immer gut infomierten Studierenden vielleicht nicht so sonderlich viel Neues&#8220;<\/em> (<a href=\"http:\/\/fuwatch.wordpress.com\/2009\/02\/11\/zur-siebten-ausgabe-der-osi-zeitung\/\">FUWatch zur siebten Ausgabe der OSI-Zeitung<\/a>), was wie Niklas damals zu Recht feststellte, ja auch nicht weiter schlimm ist. \u00c4rgerlich ist eher, dass sich in dieser Ausgabe auch inhaltliche Fehler finden lassen. Vor allem der Aufmacherartikel \u00fcber das OSI-Diplom enth\u00e4lt teilweise falsche und\/oder nicht mehr aktuelle Informationen: viele der offenen Fragen \u00fcber den vierj\u00e4hrigen BA haben sich mittlerweile gekl\u00e4rt. So d\u00fcrfte es nach Aussage von Gisela Rossa-Dubray durchaus m\u00f6glich sein, einen einj\u00e4hrigen konsekutiven Master zu studieren, auch wenn mensch zuvor nicht am OSI acht Semester BA studiert hat. Denn schon heute ben\u00f6tigt mensch f\u00fcr einen Masterplatz am OSI nur 90 LP in Politikwissenschaft, d.h. einen &#8222;halben&#8220; Bachelor. Das Lehramtsstudium w\u00fcrde, anders als im Artikel dargestellt, ohnehin nicht angetastet, da dieser Bereich getrennt gehandhabt wird. Hier wird es weiterhin einen dreij\u00e4hrigen BA und einen ein- und einen zweij\u00e4hrigen MA geben. Auch ist es keineswegs &#8222;unklar&#8220;, ob es weiterhin ein- und zweij\u00e4hrige Master geben w\u00fcrde: nach einem vierj\u00e4hrigen BA-Studium darf die Uni h\u00f6chstens einen einj\u00e4hrigen <strong>konsekutiven<\/strong> Master anbieten. Andere Masterstudieng\u00e4nge blieben davon unangetastet, wie wir auch bereits hier auf dem Blog berichteten. <\/p>\n<p>Im Artikel \u00fcber die Rechtlichen Grundlagen wird von der &#8222;Kommission zur F\u00f6rderung von NachwuchswissenschaftlerInnen&#8220; (mit Binnen-I) geschrieben, tats\u00e4chlich ist KFN jedoch die Abk\u00fcrzung f\u00fcr &#8222;&#8230;von Nachwuchswissenschaftlerinnen&#8220;, also explizit eine Kommission zur Frauenf\u00f6rderung. <\/p>\n<p>Allerdings weist auch die aktuelle Ausgabe mal wieder einige echte Perlen auf. So schaffen es Max Breitsprecher und Moritz Ritter, auf knapp zwei Seiten das komplizierte Thema &#8222;Fachbereichshaushalt&#8220; \u00fcbersichtlich und verst\u00e4ndlich aufzubereiten &#8211; ein dickes Lob daf\u00fcr! Etwas merkw\u00fcrdig (Realsatire?) mutet hingegen das Interview mit dem Forschungsdirektor der Deutschen Gesellschaft f\u00fcr Ausw\u00e4rtige Politik (DGAP) an. Der Artikel &#8222;Harvard verkauft Bilder&#8220; thematisiert endlich &#8211; wenn auch aus Platzgr\u00fcnden \u00e4u\u00dferst knapp &#8211; die Verantwortung der neoliberal umstrukturierten Wirtschaftswissenschaften und ihrer AbsolventInnen f\u00fcr die Finanz- und Wirtschaftskrise, und &#8222;Angst on Campus&#8220; regt hoffentlich viele LeserInnen zum Nachdenken und zur Reflexion an. <\/p>\n<p>Zusammengefasst kann mensch wohl sagen, dass diese Ausgabe ein wenig schwach startet, dann aber schnell zu alter Form findet und die OZ damit weiterhin eins der wichtigsten studentischen Informationsprojekte am OSI bleibt. <\/p>\n","protected":false},"excerpt":{"rendered":"<p>Seit dieser Woche und damit gerade noch rechtzeitig vor Ende des Semesters gibt es eine neue Ausgabe der OSI-Zeitung (OZ). Es ist das erste Mal seit Februar, dass die OZ erscheint. Dieses Mal ist die Zeitung daf\u00fcr auch wieder deutlich l\u00e4nger, auf 24 Seiten statt auf 16 wird \u00fcber das aktuelle Institutsgeschehen berichtet. Das Layout &hellip; <a href=\"https:\/\/userblogs.fu-berlin.de\/fsi_osi\/2009\/07\/14\/neue-ausgabe-der-osi-zeitung-erschienen\/\" class=\"more-link\"><span class=\"screen-reader-text\">\u201eNeue Ausgabe der OSI-Zeitung erschienen\u201c<\/span> weiterlesen<\/a><\/p>\n","protected":false},"author":6075,"featured_media":0,"comment_status":"open","ping_status":"open","sticky":false,"template":"","format":"standard","meta":{"footnotes":""},"categories":[463640,463349],"tags":[],"class_list":["post-68","post","type-post","status-publish","format-standard","hentry","category-ankuendigungen","category-osi"],"_links":{"self":[{"href":"https:\/\/userblogs.fu-berlin.de\/fsi_osi\/wp-json\/wp\/v2\/posts\/68","targetHints":{"allow":["GET"]}}],"collection":[{"href":"https:\/\/userblogs.fu-berlin.de\/fsi_osi\/wp-json\/wp\/v2\/posts"}],"about":[{"href":"https:\/\/userblogs.fu-berlin.de\/fsi_osi\/wp-json\/wp\/v2\/types\/post"}],"author":[{"embeddable":true,"href":"https:\/\/userblogs.fu-berlin.de\/fsi_osi\/wp-json\/wp\/v2\/users\/6075"}],"replies":[{"embeddable":true,"href":"https:\/\/userblogs.fu-berlin.de\/fsi_osi\/wp-json\/wp\/v2\/comments?post=68"}],"version-history":[{"count":0,"href":"https:\/\/userblogs.fu-berlin.de\/fsi_osi\/wp-json\/wp\/v2\/posts\/68\/revisions"}],"wp:attachment":[{"href":"https:\/\/userblogs.fu-berlin.de\/fsi_osi\/wp-json\/wp\/v2\/media?parent=68"}],"wp:term":[{"taxonomy":"category","embeddable":true,"href":"https:\/\/userblogs.fu-berlin.de\/fsi_osi\/wp-json\/wp\/v2\/categories?post=68"},{"taxonomy":"post_tag","embeddable":true,"href":"https:\/\/userblogs.fu-berlin.de\/fsi_osi\/wp-json\/wp\/v2\/tags?post=68"}],"curies":[{"name":"wp","href":"https:\/\/api.w.org\/{rel}","templated":true}]}}