{"id":682,"date":"2024-05-13T10:59:44","date_gmt":"2024-05-13T08:59:44","guid":{"rendered":"https:\/\/userblogs.fu-berlin.de\/fsi_osi\/?p=682"},"modified":"2024-05-13T10:59:44","modified_gmt":"2024-05-13T08:59:44","slug":"fuer-meinungs-und-demonstrationsfreiheit-auf-dem-campus","status":"publish","type":"post","link":"https:\/\/userblogs.fu-berlin.de\/fsi_osi\/2024\/05\/13\/fuer-meinungs-und-demonstrationsfreiheit-auf-dem-campus\/","title":{"rendered":"F\u00fcr Meinungs- und Demonstrationsfreiheit auf dem Campus!"},"content":{"rendered":"\n<p>Als Fachschaftsinitiative des Otto-Suhr-Instituts m\u00f6chten wir uns hiermit zu der R\u00e4umung des Protestcamps am 07. Mai auf dem Campus der Freien Universit\u00e4t positionieren.<\/p>\n\n\n\n<p>Wir verurteilen den Angriff der israelischen Streitkr\u00e4fte auf Rafah, der selbst von ihren engsten internationalen Verb\u00fcndeten, sowie den Angeh\u00f6rigen der israelischen Geiseln abgelehnt wird und prangern die humanit\u00e4re Katastrophe im gesamten Gazastreifen an, die durch die Politik der israelischen Regierung mutwillig verursacht wurde. <strong>In dieser Situation Solidarit\u00e4t mit der pal\u00e4stinensischen Bev\u00f6lkerung zu zeigen ist nicht nur legitim, sondern durch die blo\u00dfe Menschlichkeit geboten!<\/strong><\/p>\n\n\n\n<p>Umso wichtiger ist es aber, dass diese Solidarit\u00e4t nicht durch antisemitische Gruppen vereinnahmt wird. In den Forderungen der Organisator*innen des Protestcamps wurde Israel durch die Formulierung \u201ethe over 75-year occupation of Palestine\u201c das Existenzrecht abgesprochen. Die mit breiter Unterst\u00fctzung angestimmte Parole \u201eThere is only one solution: Intifada, revolution!\u201c stellt einen Aufruf zu Gewalt gegen j\u00fcdische Israelis dar, bei der letzten Intifada wurden \u00fcber 700 israelische Zivilist*innen durch Raketenangriffe und gezielte Attentate get\u00f6tet. In Einzelf\u00e4llen wurde direkt Unterst\u00fctzung f\u00fcr die Terrororganisation Hamas zum Ausdruck gebracht, etwa durch das zeigen des Symbols \u201eRotes Dreieck\u201c. <strong>Diese Vorf\u00e4lle sind durch nichts zu rechtfertigen und zeigen eben keine Solidarit\u00e4t mit der pal\u00e4stinensischen Bev\u00f6lkerung, sondern nur antisemitischen Hass!<\/strong><\/p>\n\n\n\n<p>Einerseits m\u00fcssen wir als Studierendenschaft uns klar daf\u00fcr einsetzen, dass derartige \u00c4u\u00dferungen an unserer Universit\u00e4t keinen Platz haben, andererseits verurteilen wir die \u00fcbertriebene Reaktion der Universit\u00e4tsleitung auf das Protestcamp.<\/p>\n\n\n\n<p>Das Pr\u00e4sidium hat offenbar aufgrund des starken politischen und \u00f6ffentlichen Drucks nach der antisemitischen H\u00f6rsaalbesetzung im November letzten Jahres diesmal v\u00f6llig \u00fcbereilt reagiert. Die Anordnung zur R\u00e4umung eines Protestcamps gerade mal eine Stunde nach dessen Beginn mit der Begr\u00fcndung, \u201eder Protest sei nicht auf Dialog ausgerichtet\u201c, kommt de facto einem generellen Protestverbot auf dem gesamten Campus gleich. <strong>Eine so grunds\u00e4tzliche Verletzung der Meinungs- und Versammlungsfreiheit ist f\u00fcr uns nicht hinnehmbar!<\/strong><\/p>\n\n\n\n<p>Mit dieser absurden Begr\u00fcndung k\u00f6nnen keine polizeilichen Ma\u00dfnahmen gegen unsere Kommiliton*innen gerechtfertigt werden, dar\u00fcber hinaus verurteilen wir Polizeigewalt grunds\u00e4tzlich aufs Sch\u00e4rfste. Es kann nicht in unserem Interesse als Studierende sein, dass friedliche politische Versammlungen auf dem Campus kriminalisiert werden. Wir m\u00fcssen Protest aushalten k\u00f6nnen, auch wenn wir selbst nicht alle seine Positionen teilen oder sie sogar ablehnen.<\/p>\n\n\n\n<p><strong>Es geht nicht nur um die Besetzung vom 07. Mai, sondern generell um die Meinungs- und Demonstrationsfreiheit auf dem Campus. Wir als Studierendenschaft d\u00fcrfen uns nicht mundtot machen lassen!<\/strong><\/p>\n","protected":false},"excerpt":{"rendered":"<p>Als Fachschaftsinitiative des Otto-Suhr-Instituts m\u00f6chten wir uns hiermit zu der R\u00e4umung des Protestcamps am 07. Mai auf dem Campus der Freien Universit\u00e4t positionieren. Wir verurteilen den Angriff der israelischen Streitkr\u00e4fte auf Rafah, der selbst von ihren engsten internationalen Verb\u00fcndeten, sowie den Angeh\u00f6rigen der israelischen Geiseln abgelehnt wird und prangern die humanit\u00e4re Katastrophe im gesamten Gazastreifen &hellip; <a href=\"https:\/\/userblogs.fu-berlin.de\/fsi_osi\/2024\/05\/13\/fuer-meinungs-und-demonstrationsfreiheit-auf-dem-campus\/\" class=\"more-link\"><span class=\"screen-reader-text\">\u201eF\u00fcr Meinungs- und Demonstrationsfreiheit auf dem Campus!\u201c<\/span> weiterlesen<\/a><\/p>\n","protected":false},"author":7654,"featured_media":0,"comment_status":"open","ping_status":"open","sticky":false,"template":"","format":"standard","meta":{"footnotes":""},"categories":[91],"tags":[],"class_list":["post-682","post","type-post","status-publish","format-standard","hentry","category-allgemein"],"_links":{"self":[{"href":"https:\/\/userblogs.fu-berlin.de\/fsi_osi\/wp-json\/wp\/v2\/posts\/682","targetHints":{"allow":["GET"]}}],"collection":[{"href":"https:\/\/userblogs.fu-berlin.de\/fsi_osi\/wp-json\/wp\/v2\/posts"}],"about":[{"href":"https:\/\/userblogs.fu-berlin.de\/fsi_osi\/wp-json\/wp\/v2\/types\/post"}],"author":[{"embeddable":true,"href":"https:\/\/userblogs.fu-berlin.de\/fsi_osi\/wp-json\/wp\/v2\/users\/7654"}],"replies":[{"embeddable":true,"href":"https:\/\/userblogs.fu-berlin.de\/fsi_osi\/wp-json\/wp\/v2\/comments?post=682"}],"version-history":[{"count":1,"href":"https:\/\/userblogs.fu-berlin.de\/fsi_osi\/wp-json\/wp\/v2\/posts\/682\/revisions"}],"predecessor-version":[{"id":683,"href":"https:\/\/userblogs.fu-berlin.de\/fsi_osi\/wp-json\/wp\/v2\/posts\/682\/revisions\/683"}],"wp:attachment":[{"href":"https:\/\/userblogs.fu-berlin.de\/fsi_osi\/wp-json\/wp\/v2\/media?parent=682"}],"wp:term":[{"taxonomy":"category","embeddable":true,"href":"https:\/\/userblogs.fu-berlin.de\/fsi_osi\/wp-json\/wp\/v2\/categories?post=682"},{"taxonomy":"post_tag","embeddable":true,"href":"https:\/\/userblogs.fu-berlin.de\/fsi_osi\/wp-json\/wp\/v2\/tags?post=682"}],"curies":[{"name":"wp","href":"https:\/\/api.w.org\/{rel}","templated":true}]}}