{"id":75,"date":"2009-10-19T12:17:30","date_gmt":"2009-10-19T11:17:30","guid":{"rendered":"http:\/\/fsiosi.blogsport.de\/2009\/10\/19\/termine-diese-woche\/"},"modified":"2009-10-19T12:17:30","modified_gmt":"2009-10-19T11:17:30","slug":"termine-diese-woche","status":"publish","type":"post","link":"https:\/\/userblogs.fu-berlin.de\/fsi_osi\/2009\/10\/19\/termine-diese-woche\/","title":{"rendered":"Termine diese Woche"},"content":{"rendered":"<p>Die heute beginnende Woche (19.-23.10.) ist mal wieder ziemlich voll mit (hochschulpolitischen) Terminen:<\/p>\n<p>Montag, 18 Uhr: Sch\u00e4uble spricht bei den JuristInnen. H\u00f6rsaal II, Van&#8217;t-Hoff-Stra\u00dfe 8.<br \/>\nzeitgleich: Berlin-weites Bildungsstreik-Treffen an der TU<\/p>\n<p>Dienstag, 16 Uhr: <strong>offenes Kennenlerntreffen der FSI OSI im Roten Caf\u00e9.<\/strong><br \/>\nDienstag, 18 Uhr: Vorbereitungstreffen f\u00fcr den Institutstag am OSI. H\u00f6rsaal B, Ihnestra\u00dfe 21<\/p>\n<p>Mittwoch, 9 Uhr: Erste Sitzung des Fachbereichrats im neuen Semester. H\u00f6rsaal B, Ihnestra\u00dfe 21<br \/>\nMittwoch, 18 Uhr: FU-weites Bildungsstreiktreffen &#8211; Seminarzentrum in der Silberlaube, gleich vorne neben der Mensa<br \/>\n(bislang) zeitgleich: Treffen der Fachschaftskoordination (FaKo) an der FU. Raum der FSI Psychologie, J25\/26 in der Silberlaube<\/p>\n<p>Soweit bisher: wem noch mehr einf\u00e4llt, oder wer Korrekturen hat, die\/der benutze bitte die Kommentarfunktion \ud83d\ude42<\/p>\n","protected":false},"excerpt":{"rendered":"<p>Die heute beginnende Woche (19.-23.10.) ist mal wieder ziemlich voll mit (hochschulpolitischen) Terminen: Montag, 18 Uhr: Sch\u00e4uble spricht bei den JuristInnen. H\u00f6rsaal II, Van&#8217;t-Hoff-Stra\u00dfe 8. zeitgleich: Berlin-weites Bildungsstreik-Treffen an der TU Dienstag, 16 Uhr: offenes Kennenlerntreffen der FSI OSI im Roten Caf\u00e9. Dienstag, 18 Uhr: Vorbereitungstreffen f\u00fcr den Institutstag am OSI. H\u00f6rsaal B, Ihnestra\u00dfe 21 &hellip; <a href=\"https:\/\/userblogs.fu-berlin.de\/fsi_osi\/2009\/10\/19\/termine-diese-woche\/\" class=\"more-link\"><span class=\"screen-reader-text\">\u201eTermine diese Woche\u201c<\/span> weiterlesen<\/a><\/p>\n","protected":false},"author":6075,"featured_media":0,"comment_status":"open","ping_status":"open","sticky":false,"template":"","format":"standard","meta":{"footnotes":""},"categories":[91,463640,463967],"tags":[],"class_list":["post-75","post","type-post","status-publish","format-standard","hentry","category-allgemein","category-ankuendigungen","category-hochschulpolitik"],"_links":{"self":[{"href":"https:\/\/userblogs.fu-berlin.de\/fsi_osi\/wp-json\/wp\/v2\/posts\/75","targetHints":{"allow":["GET"]}}],"collection":[{"href":"https:\/\/userblogs.fu-berlin.de\/fsi_osi\/wp-json\/wp\/v2\/posts"}],"about":[{"href":"https:\/\/userblogs.fu-berlin.de\/fsi_osi\/wp-json\/wp\/v2\/types\/post"}],"author":[{"embeddable":true,"href":"https:\/\/userblogs.fu-berlin.de\/fsi_osi\/wp-json\/wp\/v2\/users\/6075"}],"replies":[{"embeddable":true,"href":"https:\/\/userblogs.fu-berlin.de\/fsi_osi\/wp-json\/wp\/v2\/comments?post=75"}],"version-history":[{"count":0,"href":"https:\/\/userblogs.fu-berlin.de\/fsi_osi\/wp-json\/wp\/v2\/posts\/75\/revisions"}],"wp:attachment":[{"href":"https:\/\/userblogs.fu-berlin.de\/fsi_osi\/wp-json\/wp\/v2\/media?parent=75"}],"wp:term":[{"taxonomy":"category","embeddable":true,"href":"https:\/\/userblogs.fu-berlin.de\/fsi_osi\/wp-json\/wp\/v2\/categories?post=75"},{"taxonomy":"post_tag","embeddable":true,"href":"https:\/\/userblogs.fu-berlin.de\/fsi_osi\/wp-json\/wp\/v2\/tags?post=75"}],"curies":[{"name":"wp","href":"https:\/\/api.w.org\/{rel}","templated":true}]}}