{"id":80,"date":"2009-11-12T11:25:50","date_gmt":"2009-11-12T10:25:50","guid":{"rendered":"http:\/\/fsiosi.blogsport.de\/2009\/11\/12\/hoersaal-1a-in-der-silberlaube-besetzt\/"},"modified":"2009-11-12T11:25:50","modified_gmt":"2009-11-12T10:25:50","slug":"hoersaal-1a-in-der-silberlaube-besetzt","status":"publish","type":"post","link":"https:\/\/userblogs.fu-berlin.de\/fsi_osi\/2009\/11\/12\/hoersaal-1a-in-der-silberlaube-besetzt\/","title":{"rendered":"H\u00f6rsaal 1A in der Silberlaube besetzt!"},"content":{"rendered":"<p>Nur als kurze Zwischenmeldung: seit gestern Nachmittag ist der H\u00f6rsaal 1A in der Silberlaube besetzt. Im Anschluss an eine studentische VollVersammlung beschlossen die etwa 600 anwesenden Studierenden, sich diesen Raum als universit\u00e4ren Freiraum zum Diskutieren, Aktionen planen, Feiern, Schlafen usw. anzueignen. Damit weitet sich die vor drei Wochen in Wien begonnene Besetzungskampagne unter dem Motto &#8222;Uni brennt!&#8220; auch auf Berlin aus. Auf einem abendlichen Plenum sicherte Ursula Lehmkuhl, eine der Vizepr\u00e4sident_innen der FU, uns zu dass der H\u00f6rsaal bis n\u00e4chsten Mittwoch auf jeden Fall in studentischer Hand bleibt. Dann soll auf einer weiteren VV entschieden werden, wie es weiter geht. <\/p>\n<p>Also auf zur Silberlaube, bringt Ideen, Essen, Musik und Schlafs\u00e4cke mit &#8211; die Uni brennt, jetzt auch in Dahlem!<\/p>\n<p>P.S.: die Besetzer_innen an der HU hatten leider nicht so viel Gl\u00fcck: ihnen wurde bereits gestern abend mit der R\u00e4umung gedroht. Solidarische Gr\u00fc\u00dfe an dieser Stelle!<\/p>\n","protected":false},"excerpt":{"rendered":"<p>Nur als kurze Zwischenmeldung: seit gestern Nachmittag ist der H\u00f6rsaal 1A in der Silberlaube besetzt. Im Anschluss an eine studentische VollVersammlung beschlossen die etwa 600 anwesenden Studierenden, sich diesen Raum als universit\u00e4ren Freiraum zum Diskutieren, Aktionen planen, Feiern, Schlafen usw. anzueignen. Damit weitet sich die vor drei Wochen in Wien begonnene Besetzungskampagne unter dem Motto &hellip; <a href=\"https:\/\/userblogs.fu-berlin.de\/fsi_osi\/2009\/11\/12\/hoersaal-1a-in-der-silberlaube-besetzt\/\" class=\"more-link\"><span class=\"screen-reader-text\">\u201eH\u00f6rsaal 1A in der Silberlaube besetzt!\u201c<\/span> weiterlesen<\/a><\/p>\n","protected":false},"author":6075,"featured_media":0,"comment_status":"open","ping_status":"open","sticky":false,"template":"","format":"standard","meta":{"footnotes":""},"categories":[91],"tags":[],"class_list":["post-80","post","type-post","status-publish","format-standard","hentry","category-allgemein"],"_links":{"self":[{"href":"https:\/\/userblogs.fu-berlin.de\/fsi_osi\/wp-json\/wp\/v2\/posts\/80","targetHints":{"allow":["GET"]}}],"collection":[{"href":"https:\/\/userblogs.fu-berlin.de\/fsi_osi\/wp-json\/wp\/v2\/posts"}],"about":[{"href":"https:\/\/userblogs.fu-berlin.de\/fsi_osi\/wp-json\/wp\/v2\/types\/post"}],"author":[{"embeddable":true,"href":"https:\/\/userblogs.fu-berlin.de\/fsi_osi\/wp-json\/wp\/v2\/users\/6075"}],"replies":[{"embeddable":true,"href":"https:\/\/userblogs.fu-berlin.de\/fsi_osi\/wp-json\/wp\/v2\/comments?post=80"}],"version-history":[{"count":0,"href":"https:\/\/userblogs.fu-berlin.de\/fsi_osi\/wp-json\/wp\/v2\/posts\/80\/revisions"}],"wp:attachment":[{"href":"https:\/\/userblogs.fu-berlin.de\/fsi_osi\/wp-json\/wp\/v2\/media?parent=80"}],"wp:term":[{"taxonomy":"category","embeddable":true,"href":"https:\/\/userblogs.fu-berlin.de\/fsi_osi\/wp-json\/wp\/v2\/categories?post=80"},{"taxonomy":"post_tag","embeddable":true,"href":"https:\/\/userblogs.fu-berlin.de\/fsi_osi\/wp-json\/wp\/v2\/tags?post=80"}],"curies":[{"name":"wp","href":"https:\/\/api.w.org\/{rel}","templated":true}]}}