{"id":83,"date":"2009-11-28T16:26:47","date_gmt":"2009-11-28T15:26:47","guid":{"rendered":"http:\/\/fsiosi.blogsport.de\/?p=83"},"modified":"2009-11-28T16:26:47","modified_gmt":"2009-11-28T15:26:47","slug":"bildungsgipfel-an-der-fu","status":"publish","type":"post","link":"https:\/\/userblogs.fu-berlin.de\/fsi_osi\/2009\/11\/28\/bildungsgipfel-an-der-fu\/","title":{"rendered":"Bildungsgipfel an der FU"},"content":{"rendered":"<p>Der Bildungsstreik l\u00e4uft nach wie vor weiter, auch der H\u00f6rsaal 1A in der Silberlaube ist immer noch besetzt. In der kommenden Woche startet nun der so genannte &#8222;Bildungsgipfel&#8220; &#8211; Dutzende Seminare, Workshops, Podiumsdiskussion und Filmvorf\u00fchrungen, von Studierenden selbst organisiert, sollen eine Alternative zum regul\u00e4ren Unibetrieb aufzeigen. Das Programm liegt mittlerweile an sehr vielen Stellen in der Uni aus und ist auch online verf\u00fcgbar: unter <a href=\"http:\/\/bildungsgipfel.blogsport.de\/\"><em>http:\/\/bildungsgipfel.blogsport.de\/<\/em><\/a>. <\/p>\n<p>Auch die FSI OSI bietet zwei Veranstaltungen an: <\/p>\n<p>Am Dienstag, 1.12., von 10-12 Uhr stellen wir unsere &#8222;U[ni]topia&#8220;-Brosch\u00fcre zur Diskussion (<a href=\"http:\/\/fsiosi.blogsport.de\/images\/Unitopiafertig.pdf\"><em>Download als PDF<\/em><\/a>). Im H\u00f6rsaal 1A in der Silberlaube. <\/p>\n<p>Am Mittwoch, 2.12., haben wir gemeinsam mit der FSI Geschichte und der FSI PuK einige Menschen von der Villa BEL (besetztes Geb\u00e4ude an der TU) in&#8217;s Rote Caf\u00e9 eingeladen, die einen Workshop zu &#8222;Utopie, Theorie und Praxis offener R\u00e4ume&#8220; anbieten. Ab 18 Uhr. <\/p>\n<p>Das Pr\u00e4sidium der FU hat dar\u00fcber hinaus die Fachbereiche aufgefordert, die Anwesenheitspflicht in dieser Woche auszusetzen. Wir haben dies als FSI auch noch einmal ausdr\u00fccklich vom Dekan des Fachbereichs PolSoz gefordert. <\/p>\n<p>Nachtrag: Es wird aller Voraussicht nach auch wieder jede Menge Abendprogramm mit Live-Bands geben &#8211; einfach die Augen offenhalten und auf Ank\u00fcndigungen achten, z.b. im <a href=\"http:\/\/stressfaktor.squat.net\/termine.php\"><em>Stre\u00dffaktor<\/em><\/a>&#8230;<\/p>\n","protected":false},"excerpt":{"rendered":"<p>Der Bildungsstreik l\u00e4uft nach wie vor weiter, auch der H\u00f6rsaal 1A in der Silberlaube ist immer noch besetzt. In der kommenden Woche startet nun der so genannte &#8222;Bildungsgipfel&#8220; &#8211; Dutzende Seminare, Workshops, Podiumsdiskussion und Filmvorf\u00fchrungen, von Studierenden selbst organisiert, sollen eine Alternative zum regul\u00e4ren Unibetrieb aufzeigen. Das Programm liegt mittlerweile an sehr vielen Stellen in &hellip; <a href=\"https:\/\/userblogs.fu-berlin.de\/fsi_osi\/2009\/11\/28\/bildungsgipfel-an-der-fu\/\" class=\"more-link\"><span class=\"screen-reader-text\">\u201eBildungsgipfel an der FU\u201c<\/span> weiterlesen<\/a><\/p>\n","protected":false},"author":6075,"featured_media":0,"comment_status":"open","ping_status":"open","sticky":false,"template":"","format":"standard","meta":{"footnotes":""},"categories":[91,463640,463967],"tags":[],"class_list":["post-83","post","type-post","status-publish","format-standard","hentry","category-allgemein","category-ankuendigungen","category-hochschulpolitik"],"_links":{"self":[{"href":"https:\/\/userblogs.fu-berlin.de\/fsi_osi\/wp-json\/wp\/v2\/posts\/83","targetHints":{"allow":["GET"]}}],"collection":[{"href":"https:\/\/userblogs.fu-berlin.de\/fsi_osi\/wp-json\/wp\/v2\/posts"}],"about":[{"href":"https:\/\/userblogs.fu-berlin.de\/fsi_osi\/wp-json\/wp\/v2\/types\/post"}],"author":[{"embeddable":true,"href":"https:\/\/userblogs.fu-berlin.de\/fsi_osi\/wp-json\/wp\/v2\/users\/6075"}],"replies":[{"embeddable":true,"href":"https:\/\/userblogs.fu-berlin.de\/fsi_osi\/wp-json\/wp\/v2\/comments?post=83"}],"version-history":[{"count":0,"href":"https:\/\/userblogs.fu-berlin.de\/fsi_osi\/wp-json\/wp\/v2\/posts\/83\/revisions"}],"wp:attachment":[{"href":"https:\/\/userblogs.fu-berlin.de\/fsi_osi\/wp-json\/wp\/v2\/media?parent=83"}],"wp:term":[{"taxonomy":"category","embeddable":true,"href":"https:\/\/userblogs.fu-berlin.de\/fsi_osi\/wp-json\/wp\/v2\/categories?post=83"},{"taxonomy":"post_tag","embeddable":true,"href":"https:\/\/userblogs.fu-berlin.de\/fsi_osi\/wp-json\/wp\/v2\/tags?post=83"}],"curies":[{"name":"wp","href":"https:\/\/api.w.org\/{rel}","templated":true}]}}