{"id":87,"date":"2010-01-05T02:29:29","date_gmt":"2010-01-05T01:29:29","guid":{"rendered":"http:\/\/fsiosi.blogsport.de\/?p=87"},"modified":"2010-01-05T02:29:29","modified_gmt":"2010-01-05T01:29:29","slug":"podiumsdiskussion-ueber-die-neue-rechte-und-ihre-medien","status":"publish","type":"post","link":"https:\/\/userblogs.fu-berlin.de\/fsi_osi\/2010\/01\/05\/podiumsdiskussion-ueber-die-neue-rechte-und-ihre-medien\/","title":{"rendered":"Podiumsdiskussion \u00fcber die Neue Rechte und ihre Medien"},"content":{"rendered":"<p><strong>Am Donnerstag, den 7.1.2010, veranstalten wir eine Podiumsdiskussion mit dem Titel &#8222;Right into the Middle &#8211; Die Neue Rechte und ihre Medien auf dem Weg in die Mitte der Gesellschaft?&#8220;.<\/strong><\/p>\n<p>Anlass dazu sind die Verteilaktionen f\u00fcr die neurechte Wochenzeitung &#8222;Junge Freiheit&#8220; im vergangenen Sommersemester am Fachbereich Politik- und Sozialwissenschaften. Mit der &#8222;Jungen Freiheit&#8220; versucht die bundesdeutsche Rechte, nationalistische, rassistische, sexistische und antisemitische Positionen salonf\u00e4hig zu machen. Die Zeitung soll ein Scharnier zwischen b\u00fcrgerlichem Konservatismus und der extremen Rechten bilden. Andere Medien, etwa das extrem islamophobe Blog &#8222;Politically Incorrect&#8220; (zur geistigen \u00c4hnlichkeit zwischen Antisemitismus und Islamophobie s. <a href=\"http:\/\/www.sueddeutsche.de\/politik\/837\/499119\/text\/\"><em>Wolfgang Benz in der SZ<\/em><\/a>), beteiligen sich an dieser Strategie. <\/p>\n<p>Die Podiumsdiskussion soll dazu dienen, die Diskursstrategien der Neuen Rechten zu analysieren, ihre Wirksamkeit zu \u00fcberpr\u00fcfen und Gegenstrategien zu \u00fcberlegen. <\/p>\n<p>Es diskutieren:<br \/>\n&#8211; Yves M\u00fcller (Verein f\u00fcr demokratische Kultur e.V.)<br \/>\n&#8211; Andreas Speit (freier Journalist)<br \/>\n&#8211; Carsten Koschmieder (Wissenschaftlicher Mitarbeiter der Politischen Soziologie am OSI)<br \/>\n&#8211; eine Vertreterin des Apabiz (Antifaschistisches Pressearchiv und Bildungszentrum Berlin e.V.)<\/p>\n<p><strong>Um 18 Uhr im H\u00f6rsaal A der Ihnestra\u00dfe 21.<\/strong><\/p>\n<p><em>Die Veranstaltenden behalten sich vor, von ihrem Hausrecht Gebrauch zu machen und Personen, die rechtsextremen Parteien oder Organisationen angeh\u00f6ren, der rechtsextremen Szene zuzuordnen sind oder bereits in der Vergangenheit durch rassistische, nationalistische, antisemitische oder sonstige menschenverachtende \u00c4u\u00dferungen in Erscheinung getreten sind, den Zutritt zur Veranstaltung zu verwehren oder von dieser auszuschlie\u00dfen.<\/em><\/p>\n","protected":false},"excerpt":{"rendered":"<p>Am Donnerstag, den 7.1.2010, veranstalten wir eine Podiumsdiskussion mit dem Titel &#8222;Right into the Middle &#8211; Die Neue Rechte und ihre Medien auf dem Weg in die Mitte der Gesellschaft?&#8220;. Anlass dazu sind die Verteilaktionen f\u00fcr die neurechte Wochenzeitung &#8222;Junge Freiheit&#8220; im vergangenen Sommersemester am Fachbereich Politik- und Sozialwissenschaften. Mit der &#8222;Jungen Freiheit&#8220; versucht die &hellip; <a href=\"https:\/\/userblogs.fu-berlin.de\/fsi_osi\/2010\/01\/05\/podiumsdiskussion-ueber-die-neue-rechte-und-ihre-medien\/\" class=\"more-link\"><span class=\"screen-reader-text\">\u201ePodiumsdiskussion \u00fcber die Neue Rechte und ihre Medien\u201c<\/span> weiterlesen<\/a><\/p>\n","protected":false},"author":6075,"featured_media":0,"comment_status":"open","ping_status":"open","sticky":false,"template":"","format":"standard","meta":{"footnotes":""},"categories":[91,463640,463349],"tags":[],"class_list":["post-87","post","type-post","status-publish","format-standard","hentry","category-allgemein","category-ankuendigungen","category-osi"],"_links":{"self":[{"href":"https:\/\/userblogs.fu-berlin.de\/fsi_osi\/wp-json\/wp\/v2\/posts\/87","targetHints":{"allow":["GET"]}}],"collection":[{"href":"https:\/\/userblogs.fu-berlin.de\/fsi_osi\/wp-json\/wp\/v2\/posts"}],"about":[{"href":"https:\/\/userblogs.fu-berlin.de\/fsi_osi\/wp-json\/wp\/v2\/types\/post"}],"author":[{"embeddable":true,"href":"https:\/\/userblogs.fu-berlin.de\/fsi_osi\/wp-json\/wp\/v2\/users\/6075"}],"replies":[{"embeddable":true,"href":"https:\/\/userblogs.fu-berlin.de\/fsi_osi\/wp-json\/wp\/v2\/comments?post=87"}],"version-history":[{"count":0,"href":"https:\/\/userblogs.fu-berlin.de\/fsi_osi\/wp-json\/wp\/v2\/posts\/87\/revisions"}],"wp:attachment":[{"href":"https:\/\/userblogs.fu-berlin.de\/fsi_osi\/wp-json\/wp\/v2\/media?parent=87"}],"wp:term":[{"taxonomy":"category","embeddable":true,"href":"https:\/\/userblogs.fu-berlin.de\/fsi_osi\/wp-json\/wp\/v2\/categories?post=87"},{"taxonomy":"post_tag","embeddable":true,"href":"https:\/\/userblogs.fu-berlin.de\/fsi_osi\/wp-json\/wp\/v2\/tags?post=87"}],"curies":[{"name":"wp","href":"https:\/\/api.w.org\/{rel}","templated":true}]}}