{"id":96,"date":"2010-04-25T14:18:36","date_gmt":"2010-04-25T13:18:36","guid":{"rendered":"http:\/\/fsiosi.blogsport.de\/?p=96"},"modified":"2010-04-25T14:18:36","modified_gmt":"2010-04-25T13:18:36","slug":"zwei-termine-zum-1-mai","status":"publish","type":"post","link":"https:\/\/userblogs.fu-berlin.de\/fsi_osi\/2010\/04\/25\/zwei-termine-zum-1-mai\/","title":{"rendered":"Zwei Termine zum 1. Mai"},"content":{"rendered":"<p>Der 1. Mai steht vor der T\u00fcr! Wir haben passend zum Anlass das Thema unseres monatlichen FSI*OSI-Tresens im Bandito Rosso gew\u00e4hlt und zeigen den Film &#8222;Wer nicht k\u00e4mpft, hat schon verloren &#8211; 20 Jahre 1. Mai in Berlin&#8220;. Der von einem linken Videokollektiv erstellte Zusammenschnitt aus Amateuraufnahmen, Interviews und Archivbildern der gro\u00dfen Fernsehsendern ist eine Mischung aus (trashiger) Dokumentation und Musikvideo. Dazu gibt&#8217;s k\u00fchle Getr\u00e4nke zu g\u00fcnstigen Preisen und f\u00fcr alle, die nach dem Film nicht mehr rumsitzen wollen, einen Kickertisch.<br \/>\n<strong>Montag, 26.4., im Bandito Rosso &#8211; Lottumstra\u00dfe 10a &#8211; U-Bahnhof Rosenthaler Platz (U8) oder Rosa-Luxemburg-Platz (U2) &#8211; ab 21 Uhr<\/strong><\/p>\n<p>Ausserdem soll es in diesem Jahr am 1. Mai eine Nazidemo in Berlin geben. Dagegen hat ein spektren\u00fcbergreifendes B\u00fcndnis zu Blockaden aufgerufen. Wir informieren \u00fcber den aktuellen Stand der Vorbereitungen, \u00fcber das Blockadekonzept und den Aktionskonsens sowie \u00fcber die Hintergr\u00fcnde der neonazistischen Mobilisierung.<br \/>\n<strong>Dienstag, 27.4., im H\u00f6rsaal A &#8211; Ihnestra\u00dfe 21 &#8211; U-Bahnhof Thielplatz (U3) &#8211; ab 18 Uhr<\/strong> <\/p>\n","protected":false},"excerpt":{"rendered":"<p>Der 1. Mai steht vor der T\u00fcr! Wir haben passend zum Anlass das Thema unseres monatlichen FSI*OSI-Tresens im Bandito Rosso gew\u00e4hlt und zeigen den Film &#8222;Wer nicht k\u00e4mpft, hat schon verloren &#8211; 20 Jahre 1. Mai in Berlin&#8220;. Der von einem linken Videokollektiv erstellte Zusammenschnitt aus Amateuraufnahmen, Interviews und Archivbildern der gro\u00dfen Fernsehsendern ist eine &hellip; <a href=\"https:\/\/userblogs.fu-berlin.de\/fsi_osi\/2010\/04\/25\/zwei-termine-zum-1-mai\/\" class=\"more-link\"><span class=\"screen-reader-text\">\u201eZwei Termine zum 1. Mai\u201c<\/span> weiterlesen<\/a><\/p>\n","protected":false},"author":6075,"featured_media":0,"comment_status":"open","ping_status":"open","sticky":false,"template":"","format":"standard","meta":{"footnotes":""},"categories":[91,463640],"tags":[],"class_list":["post-96","post","type-post","status-publish","format-standard","hentry","category-allgemein","category-ankuendigungen"],"_links":{"self":[{"href":"https:\/\/userblogs.fu-berlin.de\/fsi_osi\/wp-json\/wp\/v2\/posts\/96","targetHints":{"allow":["GET"]}}],"collection":[{"href":"https:\/\/userblogs.fu-berlin.de\/fsi_osi\/wp-json\/wp\/v2\/posts"}],"about":[{"href":"https:\/\/userblogs.fu-berlin.de\/fsi_osi\/wp-json\/wp\/v2\/types\/post"}],"author":[{"embeddable":true,"href":"https:\/\/userblogs.fu-berlin.de\/fsi_osi\/wp-json\/wp\/v2\/users\/6075"}],"replies":[{"embeddable":true,"href":"https:\/\/userblogs.fu-berlin.de\/fsi_osi\/wp-json\/wp\/v2\/comments?post=96"}],"version-history":[{"count":0,"href":"https:\/\/userblogs.fu-berlin.de\/fsi_osi\/wp-json\/wp\/v2\/posts\/96\/revisions"}],"wp:attachment":[{"href":"https:\/\/userblogs.fu-berlin.de\/fsi_osi\/wp-json\/wp\/v2\/media?parent=96"}],"wp:term":[{"taxonomy":"category","embeddable":true,"href":"https:\/\/userblogs.fu-berlin.de\/fsi_osi\/wp-json\/wp\/v2\/categories?post=96"},{"taxonomy":"post_tag","embeddable":true,"href":"https:\/\/userblogs.fu-berlin.de\/fsi_osi\/wp-json\/wp\/v2\/tags?post=96"}],"curies":[{"name":"wp","href":"https:\/\/api.w.org\/{rel}","templated":true}]}}