{"id":240,"date":"2022-07-06T16:50:27","date_gmt":"2022-07-06T14:50:27","guid":{"rendered":"https:\/\/userblogs.fu-berlin.de\/furad\/?p=240"},"modified":"2022-07-06T16:51:14","modified_gmt":"2022-07-06T14:51:14","slug":"exam-phase","status":"publish","type":"post","link":"https:\/\/userblogs.fu-berlin.de\/furad\/2022\/07\/06\/exam-phase\/","title":{"rendered":"Pr\u00fcfungsphase \u2022 exam phase"},"content":{"rendered":"\n<div class=\"wp-block-buttons alignwide is-content-justification-center is-layout-flex wp-container-core-buttons-is-layout-16018d1d wp-block-buttons-is-layout-flex\">\n<div class=\"wp-block-button has-custom-width wp-block-button__width-75 is-style-fill\"><a class=\"wp-block-button__link has-accent-background-color has-background\" href=\"https:\/\/userblogs.fu-berlin.de\/furad\/zeiten\/\" style=\"border-radius:100px\"><em><strong>Link: \u00d6ffnungszeiten \u2022 opening times<\/strong><\/em><\/a><\/div>\n\n\n\n<div class=\"wp-block-button has-custom-width wp-block-button__width-75 is-style-fill\"><a class=\"wp-block-button__link has-accent-background-color has-background\" href=\"https:\/\/goo.gl\/maps\/wriJtJmLdtt6Pcfn9\" style=\"border-radius:100px\" target=\"_blank\" rel=\"noreferrer noopener\"><em><strong>Link: FUrad @ Google Maps<\/strong><\/em><\/a><\/div>\n<\/div>\n\n\n\n<p class=\"has-base-2-background-color has-background\">Hi an Alle!<br \/><br \/>Die Pr\u00fcfungs- und Hausarbeitphasen haben f\u00fcr uns genauso begonnen, wie f\u00fcr alle Studierenden in Berlin und Brandenburg.<br \/>Da wir immer noch nicht besonders stark unsere Schichten besetzen konnten, hei\u00dft dass konkret:<br \/><strong><em>In n\u00e4chster Zeit fallen vermehrt Schichten aus! Bitte erkundigt euch kurz vor eurem Besuch auf Google Maps oder in der Google Suche, ob wir auch wirklich offen haben!<\/em><\/strong> Wir aktualisieren das dort immer.<br \/>Herzlichen Dank f\u00fcr euer Verst\u00e4ndnis, und f\u00fcr Alle, die auch b\u00fcffeln und bangen: Viel Erfolg!<\/p>\n\n\n\n<p class=\"has-base-background-color has-background\">Dear all!<br \/><br \/>The exam and term paper phases have started for us just like for all students in Berlin and Brandenburg. Since we still haven&#8217;t been able to fill our shifts much, this means: <br \/><strong><em>In the near future, many shifts will be cancelled!<br \/>Please check on Google Maps or in Google Search shortly before your visit if we really are open!<\/em><\/strong> We always update the information there. <br \/>Thank you very much for your understanding, and for all of you who are also cramming and worrying: Good luck!<\/p>\n","protected":false},"excerpt":{"rendered":"<p>Hi an Alle! Die Pr\u00fcfungs- und Hausarbeitphasen haben f\u00fcr uns genauso begonnen, wie f\u00fcr alle Studierenden in Berlin und Brandenburg.Da wir immer noch nicht besonders stark unsere Schichten besetzen konnten, hei\u00dft dass konkret:In n\u00e4chster Zeit fallen vermehrt Schichten aus! Bitte erkundigt euch kurz vor eurem Besuch auf Google Maps oder in der Google Suche, ob &#8230; <a title=\"Pr\u00fcfungsphase \u2022 exam phase\" class=\"read-more\" href=\"https:\/\/userblogs.fu-berlin.de\/furad\/2022\/07\/06\/exam-phase\/\" aria-label=\"Mehr Informationen \u00fcber Pr\u00fcfungsphase \u2022 exam phase\">Weiterlesen<\/a><\/p>\n","protected":false},"author":6410,"featured_media":0,"comment_status":"closed","ping_status":"closed","sticky":false,"template":"","format":"standard","meta":{"footnotes":""},"categories":[521892],"tags":[526532,526531,307529,430,526530,526535,526527,526528,526533,526536],"class_list":["post-240","post","type-post","status-publish","format-standard","hentry","category-nachrichten--news","tag-aenderung","tag-change","tag-exam","tag-google","tag-google-maps","tag-hausarbeit","tag-oeffnungszeiten","tag-opening-times","tag-pruefung","tag-term-paper"],"_links":{"self":[{"href":"https:\/\/userblogs.fu-berlin.de\/furad\/wp-json\/wp\/v2\/posts\/240","targetHints":{"allow":["GET"]}}],"collection":[{"href":"https:\/\/userblogs.fu-berlin.de\/furad\/wp-json\/wp\/v2\/posts"}],"about":[{"href":"https:\/\/userblogs.fu-berlin.de\/furad\/wp-json\/wp\/v2\/types\/post"}],"author":[{"embeddable":true,"href":"https:\/\/userblogs.fu-berlin.de\/furad\/wp-json\/wp\/v2\/users\/6410"}],"replies":[{"embeddable":true,"href":"https:\/\/userblogs.fu-berlin.de\/furad\/wp-json\/wp\/v2\/comments?post=240"}],"version-history":[{"count":3,"href":"https:\/\/userblogs.fu-berlin.de\/furad\/wp-json\/wp\/v2\/posts\/240\/revisions"}],"predecessor-version":[{"id":245,"href":"https:\/\/userblogs.fu-berlin.de\/furad\/wp-json\/wp\/v2\/posts\/240\/revisions\/245"}],"wp:attachment":[{"href":"https:\/\/userblogs.fu-berlin.de\/furad\/wp-json\/wp\/v2\/media?parent=240"}],"wp:term":[{"taxonomy":"category","embeddable":true,"href":"https:\/\/userblogs.fu-berlin.de\/furad\/wp-json\/wp\/v2\/categories?post=240"},{"taxonomy":"post_tag","embeddable":true,"href":"https:\/\/userblogs.fu-berlin.de\/furad\/wp-json\/wp\/v2\/tags?post=240"}],"curies":[{"name":"wp","href":"https:\/\/api.w.org\/{rel}","templated":true}]}}