{"id":357,"date":"2022-09-19T00:00:00","date_gmt":"2022-09-18T22:00:00","guid":{"rendered":"https:\/\/userblogs.fu-berlin.de\/furad\/?p=357"},"modified":"2022-09-14T18:50:12","modified_gmt":"2022-09-14T16:50:12","slug":"wettbewerb","status":"publish","type":"post","link":"https:\/\/userblogs.fu-berlin.de\/furad\/2022\/09\/19\/wettbewerb\/","title":{"rendered":"Wir sind jetzt Jury \u00a0\u2022  we are now jury"},"content":{"rendered":"\n<p>\ud83c\udde9\ud83c\uddea Die Freie Universit\u00e4t veranstaltet einen Ideenwettbewerb! Alle Studierenden au\u00dfer Erstis (Erst-Semester) k\u00f6nnen und sollten an dem Ideenwettbewerb f\u00fcr einen besseren, einen lebenswerteren Campus teilnehmen! Dabei geht es um alle Campus der FU, also Dahlem, D\u00fcppel und Lankwitz.<\/p>\n\n\n\n<p>Mit dem Wettbewerb k\u00f6nnt ihr an der Uni etwas ver\u00e4ndern, Bewegung in die Debatte um Klimawandel, Bioklima, Gesundheit und Wohlbefinden bringen!<\/p>\n\n\n\n<p>FUrad ist in der Jury, weil wir darum gebeten wurden. Die Jury setzt sich aus Ehrenamtlichen, die sich f\u00fcr nachhaltige Entwicklungen an der FU Berlin einsetzen, zusammen.<\/p>\n\n\n\n<p>Die Gewinner erwartet ein interessanter Preis, mehr dazu bei den Links!<\/p>\n\n\n\n<h2 class=\"wp-block-heading\">Infos und Links zum Mitmachen<\/h2>\n\n\n\n<p>Einreichen kannst du deine Ideen vom 19.09. bis 13.10.2022.<\/p>\n\n\n\n<p><strong><em>Hier findest du den Artikel mit Hintergr\u00fcnden zum Wettbewerb: <\/em><\/strong><\/p>\n\n\n\n<p><a href=\"https:\/\/www.fu-berlin.de\/campusleben\/campus\/2022\/220912-ideenwettbewerb-nachhaltiger-campus\/index.html\">https:\/\/www.fu-berlin.de\/campusleben\/campus\/2022\/220912-ideenwettbewerb-nachhaltiger-campus\/index.html<\/a><\/p>\n\n\n\n<p><strong><em>Hier geht es zum Wettbewerb:<\/em><\/strong><\/p>\n\n\n\n<p><a href=\"https:\/\/www.fu-berlin.de\/sites\/nachhaltigkeit\/stabsstelle\/Innovationsmanagement\/Wettbewerb\/index.html\">https:\/\/www.fu-berlin.de\/sites\/nachhaltigkeit\/stabsstelle\/Innovationsmanagement\/Wettbewerb\/index.html<\/a><\/p>\n\n\n\n<hr class=\"wp-block-separator has-alpha-channel-opacity\" \/>\n\n\n\n<p>\ud83c\uddec\ud83c\udde7 Freie Universit\u00e4t is holding an ideas contest! All students except &#8222;Erstis&#8220; (freshmen) can and should participate in the ideas contest for a better, a more livable campus! This involves all campuses of the FU, so Dahlem, D\u00fcppel and Lankwitz.<\/p>\n\n\n\n<p>With the competition you can make a difference at the university, bring movement into the debate about climate change, bio-climate, health and well-being!<\/p>\n\n\n\n<p>FUrad is on the jury because we were asked to be. The jury is made up of volunteers who are committed to sustainable developments at FU Berlin.<\/p>\n\n\n\n<p>The winners can expect an interesting prize, more about this at the links!<\/p>\n\n\n\n<h2 class=\"wp-block-heading\">info and links for participating<\/h2>\n\n\n\n<p>You can submit your ideas from 19.09. until 13.10.2022.<\/p>\n\n\n\n<p><strong><em>Here you can find the article with background information about the contest<\/em><\/strong><em> (only in German)<\/em><strong><em>:<\/em><\/strong><\/p>\n\n\n\n<p><a href=\"https:\/\/www.fu-berlin.de\/campusleben\/campus\/2022\/220912-ideenwettbewerb-nachhaltiger-campus\/index.html\">https:\/\/www.fu-berlin.de\/campusleben\/campus\/2022\/220912-ideenwettbewerb-nachhaltiger-campus\/index.html<\/a><\/p>\n\n\n\n<p><em><strong>Click here to go to the contest<\/strong> (Website in German)<strong>:<\/strong><\/em><\/p>\n\n\n\n<p><a href=\"https:\/\/www.fu-berlin.de\/sites\/nachhaltigkeit\/stabsstelle\/Innovationsmanagement\/Wettbewerb\/index.html\">https:\/\/www.fu-berlin.de\/sites\/nachhaltigkeit\/stabsstelle\/Innovationsmanagement\/Wettbewerb\/index.html<\/a><\/p>\n","protected":false},"excerpt":{"rendered":"<p>\ud83c\udde9\ud83c\uddea Die Freie Universit\u00e4t veranstaltet einen Ideenwettbewerb! Alle Studierenden au\u00dfer Erstis (Erst-Semester) k\u00f6nnen und sollten an dem Ideenwettbewerb f\u00fcr einen besseren, einen lebenswerteren Campus teilnehmen! Dabei geht es um alle Campus der FU, also Dahlem, D\u00fcppel und Lankwitz. Mit dem Wettbewerb k\u00f6nnt ihr an der Uni etwas ver\u00e4ndern, Bewegung in die Debatte um Klimawandel, Bioklima, &#8230; <a title=\"Wir sind jetzt Jury \u00a0\u2022  we are now jury\" class=\"read-more\" href=\"https:\/\/userblogs.fu-berlin.de\/furad\/2022\/09\/19\/wettbewerb\/\" aria-label=\"Mehr Informationen \u00fcber Wir sind jetzt Jury \u00a0\u2022  we are now jury\">Weiterlesen<\/a><\/p>\n","protected":false},"author":6410,"featured_media":0,"comment_status":"closed","ping_status":"closed","sticky":false,"template":"","format":"standard","meta":{"footnotes":""},"categories":[91],"tags":[],"class_list":["post-357","post","type-post","status-publish","format-standard","hentry","category-allgemein"],"_links":{"self":[{"href":"https:\/\/userblogs.fu-berlin.de\/furad\/wp-json\/wp\/v2\/posts\/357","targetHints":{"allow":["GET"]}}],"collection":[{"href":"https:\/\/userblogs.fu-berlin.de\/furad\/wp-json\/wp\/v2\/posts"}],"about":[{"href":"https:\/\/userblogs.fu-berlin.de\/furad\/wp-json\/wp\/v2\/types\/post"}],"author":[{"embeddable":true,"href":"https:\/\/userblogs.fu-berlin.de\/furad\/wp-json\/wp\/v2\/users\/6410"}],"replies":[{"embeddable":true,"href":"https:\/\/userblogs.fu-berlin.de\/furad\/wp-json\/wp\/v2\/comments?post=357"}],"version-history":[{"count":3,"href":"https:\/\/userblogs.fu-berlin.de\/furad\/wp-json\/wp\/v2\/posts\/357\/revisions"}],"predecessor-version":[{"id":362,"href":"https:\/\/userblogs.fu-berlin.de\/furad\/wp-json\/wp\/v2\/posts\/357\/revisions\/362"}],"wp:attachment":[{"href":"https:\/\/userblogs.fu-berlin.de\/furad\/wp-json\/wp\/v2\/media?parent=357"}],"wp:term":[{"taxonomy":"category","embeddable":true,"href":"https:\/\/userblogs.fu-berlin.de\/furad\/wp-json\/wp\/v2\/categories?post=357"},{"taxonomy":"post_tag","embeddable":true,"href":"https:\/\/userblogs.fu-berlin.de\/furad\/wp-json\/wp\/v2\/tags?post=357"}],"curies":[{"name":"wp","href":"https:\/\/api.w.org\/{rel}","templated":true}]}}