{"id":491,"date":"2025-05-21T17:12:23","date_gmt":"2025-05-21T15:12:23","guid":{"rendered":"https:\/\/userblogs.fu-berlin.de\/furad\/?p=491"},"modified":"2025-05-21T17:12:24","modified_gmt":"2025-05-21T15:12:24","slug":"neu-bei-uns-flinta-schrauben","status":"publish","type":"post","link":"https:\/\/userblogs.fu-berlin.de\/furad\/2025\/05\/21\/neu-bei-uns-flinta-schrauben\/","title":{"rendered":"Neu bei uns: Flinta*-Schrauben"},"content":{"rendered":"\n<figure class=\"wp-block-image size-large\"><img loading=\"lazy\" decoding=\"async\" width=\"819\" height=\"1024\" src=\"https:\/\/userblogs.fu-berlin.de\/furad\/files\/2025\/05\/27.05.2025-15-19-Uhr-1-819x1024.png\" alt=\"\" class=\"wp-image-492\" srcset=\"https:\/\/userblogs.fu-berlin.de\/furad\/files\/2025\/05\/27.05.2025-15-19-Uhr-1-819x1024.png 819w, https:\/\/userblogs.fu-berlin.de\/furad\/files\/2025\/05\/27.05.2025-15-19-Uhr-1-240x300.png 240w, https:\/\/userblogs.fu-berlin.de\/furad\/files\/2025\/05\/27.05.2025-15-19-Uhr-1-768x960.png 768w, https:\/\/userblogs.fu-berlin.de\/furad\/files\/2025\/05\/27.05.2025-15-19-Uhr-1-250x313.png 250w, https:\/\/userblogs.fu-berlin.de\/furad\/files\/2025\/05\/27.05.2025-15-19-Uhr-1-550x688.png 550w, https:\/\/userblogs.fu-berlin.de\/furad\/files\/2025\/05\/27.05.2025-15-19-Uhr-1-800x1000.png 800w, https:\/\/userblogs.fu-berlin.de\/furad\/files\/2025\/05\/27.05.2025-15-19-Uhr-1-144x180.png 144w, https:\/\/userblogs.fu-berlin.de\/furad\/files\/2025\/05\/27.05.2025-15-19-Uhr-1-400x500.png 400w, https:\/\/userblogs.fu-berlin.de\/furad\/files\/2025\/05\/27.05.2025-15-19-Uhr-1.png 1080w\" sizes=\"auto, (max-width: 819px) 100vw, 819px\" \/><\/figure>\n\n\n\n<p>Ab n\u00e4chster Woche m\u00f6chten wir zus\u00e4tzlich zu unseren regul\u00e4ren \u00d6ffnungszeiten einmal im Monat zum Flinta*-Schrauben einladen: Immer am letzten Dienstag des Monats von 15 bis 19 Uhr. (Der erste Termin ist schon n\u00e4chste Woche!)<\/p>\n\n\n\n<p>An diesen Nachmittagen sind alle Personen herzlich willkommen, die sich als Flinta* (Frauen, Lesben, inter, non-bin\u00e4re, trans und agender Personen) identifizieren. Zu den Flinta*-Schichten sind Flinta*-Schrauberinnen unseres FUrad-Teams da.<\/p>\n\n\n\n<p>Unser Ziel ist es, FUrad langfristig zug\u00e4nglich f\u00fcr alle machen. Deshalb wollen wir jetzt explizit Flinta*-Personen dazu ermutigen, die Fahrradwerkstatt zu benutzen und den Raum zu besetzen. Wir m\u00f6chten damit einen sichereren Rahmen schaffen, in dem Flinta*-Personen an ihren Fahrr\u00e4dern schrauben k\u00f6nnen oder auch einfach sich mal die Werkstatt anschauen k\u00f6nnen. Bei uns gibt es Werkzeuge, Ersatzteile und ganz viel Raum f\u00fcr Austausch, Fragen und Unterst\u00fctzung.<\/p>\n\n\n\n<p>Lasst uns gerne zusammen schauen, was ihr braucht. Vielleicht habt ihr ja akute Probleme am Fahrrad oder auch einfach Lust, etwas Know-How dazu zu lernen. Alles ist willkommen!<br \/><br \/>Wir freuen uns auf euch! <br \/>Emma, Hannah und Pauli<\/p>\n","protected":false},"excerpt":{"rendered":"<p>Ab n\u00e4chster Woche m\u00f6chten wir zus\u00e4tzlich zu unseren regul\u00e4ren \u00d6ffnungszeiten einmal im Monat zum Flinta*-Schrauben einladen: Immer am letzten Dienstag des Monats von 15 bis 19 Uhr. (Der erste Termin ist schon n\u00e4chste Woche!) An diesen Nachmittagen sind alle Personen herzlich willkommen, die sich als Flinta* (Frauen, Lesben, inter, non-bin\u00e4re, trans und agender Personen) identifizieren. &#8230; <a title=\"Neu bei uns: Flinta*-Schrauben\" class=\"read-more\" href=\"https:\/\/userblogs.fu-berlin.de\/furad\/2025\/05\/21\/neu-bei-uns-flinta-schrauben\/\" aria-label=\"Mehr Informationen \u00fcber Neu bei uns: Flinta*-Schrauben\">Weiterlesen<\/a><\/p>\n","protected":false},"author":7219,"featured_media":0,"comment_status":"closed","ping_status":"closed","sticky":false,"template":"","format":"standard","meta":{"footnotes":""},"categories":[91],"tags":[],"class_list":["post-491","post","type-post","status-publish","format-standard","hentry","category-allgemein"],"_links":{"self":[{"href":"https:\/\/userblogs.fu-berlin.de\/furad\/wp-json\/wp\/v2\/posts\/491","targetHints":{"allow":["GET"]}}],"collection":[{"href":"https:\/\/userblogs.fu-berlin.de\/furad\/wp-json\/wp\/v2\/posts"}],"about":[{"href":"https:\/\/userblogs.fu-berlin.de\/furad\/wp-json\/wp\/v2\/types\/post"}],"author":[{"embeddable":true,"href":"https:\/\/userblogs.fu-berlin.de\/furad\/wp-json\/wp\/v2\/users\/7219"}],"replies":[{"embeddable":true,"href":"https:\/\/userblogs.fu-berlin.de\/furad\/wp-json\/wp\/v2\/comments?post=491"}],"version-history":[{"count":1,"href":"https:\/\/userblogs.fu-berlin.de\/furad\/wp-json\/wp\/v2\/posts\/491\/revisions"}],"predecessor-version":[{"id":493,"href":"https:\/\/userblogs.fu-berlin.de\/furad\/wp-json\/wp\/v2\/posts\/491\/revisions\/493"}],"wp:attachment":[{"href":"https:\/\/userblogs.fu-berlin.de\/furad\/wp-json\/wp\/v2\/media?parent=491"}],"wp:term":[{"taxonomy":"category","embeddable":true,"href":"https:\/\/userblogs.fu-berlin.de\/furad\/wp-json\/wp\/v2\/categories?post=491"},{"taxonomy":"post_tag","embeddable":true,"href":"https:\/\/userblogs.fu-berlin.de\/furad\/wp-json\/wp\/v2\/tags?post=491"}],"curies":[{"name":"wp","href":"https:\/\/api.w.org\/{rel}","templated":true}]}}