{"id":250,"date":"2017-03-02T17:43:03","date_gmt":"2017-03-02T16:43:03","guid":{"rendered":"https:\/\/userblogs.fu-berlin.de\/gree\/?p=250"},"modified":"2017-03-02T17:43:03","modified_gmt":"2017-03-02T16:43:03","slug":"kundgebung-wenn-entwicklung-toedlich-ist-solidaritaet-mit-den-kaempfen-um-land-und-selbstbestimmung-in-lateinamerika","status":"publish","type":"post","link":"https:\/\/userblogs.fu-berlin.de\/gree\/2017\/03\/kundgebung-wenn-entwicklung-toedlich-ist-solidaritaet-mit-den-kaempfen-um-land-und-selbstbestimmung-in-lateinamerika\/","title":{"rendered":"Kundgebung: Wenn &#8222;Entwicklung\u201c t\u00f6dlich ist &#8211; Solidarit\u00e4t mit den K\u00e4mpfen um Land und Selbstbestimmung in Lateinamerika-"},"content":{"rendered":"<p style=\"text-align: justify\">In der Nacht vom 2. zum 3. M\u00e4rz 2016 wurde Berta C\u00e1ceres ermordet &#8211; Menschenrechtsverteidigerin der Lenca &#8211; ein Volk, das um die Erhaltung fundamentaler Rechte in Honduras k\u00e4mpft. &#8222;Nach einem Jahr ihrer Aussaat. Berta lebt &#8211; COPINH k\u00e4mpft weiter&#8220;<\/p>\n<p style=\"text-align: justify\">In Lateinamerika war das Jahr 2016 f\u00fcr Menschenrechtsverteidiger*innen dramatisch: \u00fcber 200 wurden ermordet, und die Bedrohungen und Verfolgungen gegen sie halten an. Die Ursachen der Verfolgung und Kriminalisierung in den L\u00e4ndern Lateinamerikas sind identisch: Extraktivismus, Privatisierungen, Landraub und ein anhaltender<br \/>\nKolonialismus.<\/p>\n<p style=\"text-align: justify\">Um darauf aufmerksam zu machen, laden wir Euch am 3. M\u00e4rz um 16 Uhr zu einer Kundgebung vor dem Brandenburger Tor ein: Wir wollen Berta C\u00e1ceres und den ermordeten Aktivist*innen gedenken. Wir solidarisieren uns mit den Menschen, die sich f\u00fcr Frauen-, Indigenen-, Menschen- und Umweltrechte einsetzen und deshalb verfolgt, bedroht, kriminalisiert und get\u00f6tet werden. Wir fordern Gerechtigkeit und ein Ende der Straflosigkeit!<\/p>\n<p style=\"text-align: justify\">Wir laden Kollektive\/\/Gruppen\/\/Sympathisant*innen ein, gemeinsam zu demonstrieren.<\/p>\n<p style=\"text-align: justify\">Kontakt: <a href=\"mailto:cadeho@riseup.net\" target=\"_blank\">cadeho@riseup.net<\/a> CADEHO (Cadena de Derrechos Humanos Honduras)<\/p>\n<p style=\"text-align: justify\"><strong>Kundgebung<\/strong><br \/>\n<strong> Freitag, 3. M\u00e4rz 2017<\/strong><br \/>\n<strong> 16.00 Uhr vor dem Brandenburger Tor<\/strong><br \/>\n<strong> F\u00fcr Reden und Musik wird Technik vorhanden sein.<\/strong><\/p>\n<p style=\"text-align: justify\">****************************************<br \/>\n&#8222;Cuando el \u201edesarrollo\u201c se vuelve mortal&#8220; &#8211; Solidaridad con las luchas por la tierra y la autodeterminaci\u00f3n en Latinoam\u00e9rica-<\/p>\n<p style=\"text-align: justify\"><strong>[ES]<\/strong><br \/>\nEn la noche del 2 a 3 de marzo 2016 fue asesinada Berta C\u00e1ceres, defensora de los derechos del pueblo Lenca por la tierra y su territorio en Honduras. &#8222;A un a\u00f1o de su siembra. Berta vive &#8211; COPINH sigue&#8220;<\/p>\n<p style=\"text-align: justify\">El a\u00f1o pasado ha sido una vez m\u00e1s un a\u00f1o dram\u00e1tico para lxs defensorxs de derechos humanos y ambientalistas. Mataron m\u00e1s de 200 activistas por todo el continente latinoamericano y la persecuci\u00f3n y amenazas contin\u00faan.<\/p>\n<p style=\"text-align: justify\">Para denunciar esta situaci\u00f3n les invitamos a convocar junto a nosotrxs una concentraci\u00f3n en frente de la Puerta de Brandemburgo en Berl\u00edn el viernes 3 de marzo a las 4 p.m. , para conmemorar a Berta C\u00e1ceres y todxs lxs activistas que dejaron su vida por defender los derechos humanos en Latinoam\u00e9rica.<\/p>\n<p style=\"text-align: justify\">Queremos mostrar nuestra solidaridad con todxs lxs que est\u00e1n luchando por los derechos humanos, derechos de las mujeres, pueblos originarios y el respeto al medio ambiente. Por este motivo est\u00e1n siendo amenazadxs, perseguidxs y criminalizadxs. Exigiendo tambi\u00e9n justicia, porque la mayor\u00eda de estos cr\u00edmenes quedan en total impunidad.<\/p>\n<p style=\"text-align: justify\">Hacemos un llamado a colectivos\/grupos de afinidad y\/o lxs compa\u00f1erxs solidarixs para manifestarnos juntxs. Y mostrar que en todos los pa\u00edses latinoamericanos est\u00e1n luchando por las misma causas: contra el saqueo extractivista, contra la privatizaci\u00f3n de los territorios y recursos naturales, por el derecho de los pueblos originarios.<\/p>\n<p style=\"text-align: justify\"><strong>Manifestaci\u00f3n<\/strong><br \/>\n<strong> Viernes 3 de marzo 2017<\/strong><br \/>\n<strong> 4 p.m. frente Brandenburger Tor<\/strong><br \/>\n<strong> llevamos un soundsystem para m\u00fasica y breves ponencias<\/strong><\/p>\n<p style=\"text-align: justify\">CADEHO (Cadena de Derechos Humanos por Honduras)<br \/>\ncontacto: <a href=\"mailto:cadeho@riseup.net\" target=\"_blank\">cadeho@riseup.net<\/a><br \/>\nMas info:<br \/>\n<a href=\"https:\/\/hondurasdelegation.blogspot.de\/2017\/02\/kundgebung-nach-1-jahr-ihrer-aussaat.html\" target=\"_blank\">https:\/\/hondurasdelegation.blogspot.de\/2017\/02\/kundgebung-nach-1-jahr-ihrer-aussaat.html<\/a><\/p>\n","protected":false},"excerpt":{"rendered":"<p>In der Nacht vom 2. zum 3. M\u00e4rz 2016 wurde Berta C\u00e1ceres ermordet &#8211; Menschenrechtsverteidigerin der Lenca &#8211; ein Volk, das um die Erhaltung fundamentaler Rechte in Honduras k\u00e4mpft. &#8222;Nach einem Jahr ihrer Aussaat. Berta lebt &#8211; COPINH k\u00e4mpft weiter&#8220; &hellip; <a href=\"https:\/\/userblogs.fu-berlin.de\/gree\/2017\/03\/kundgebung-wenn-entwicklung-toedlich-ist-solidaritaet-mit-den-kaempfen-um-land-und-selbstbestimmung-in-lateinamerika\/\">Weiterlesen <span class=\"meta-nav\">&rarr;<\/span><\/a><\/p>\n","protected":false},"author":2822,"featured_media":0,"comment_status":"open","ping_status":"open","sticky":false,"template":"","format":"standard","meta":{"footnotes":""},"categories":[91],"tags":[],"class_list":["post-250","post","type-post","status-publish","format-standard","hentry","category-allgemein"],"_links":{"self":[{"href":"https:\/\/userblogs.fu-berlin.de\/gree\/wp-json\/wp\/v2\/posts\/250","targetHints":{"allow":["GET"]}}],"collection":[{"href":"https:\/\/userblogs.fu-berlin.de\/gree\/wp-json\/wp\/v2\/posts"}],"about":[{"href":"https:\/\/userblogs.fu-berlin.de\/gree\/wp-json\/wp\/v2\/types\/post"}],"author":[{"embeddable":true,"href":"https:\/\/userblogs.fu-berlin.de\/gree\/wp-json\/wp\/v2\/users\/2822"}],"replies":[{"embeddable":true,"href":"https:\/\/userblogs.fu-berlin.de\/gree\/wp-json\/wp\/v2\/comments?post=250"}],"version-history":[{"count":2,"href":"https:\/\/userblogs.fu-berlin.de\/gree\/wp-json\/wp\/v2\/posts\/250\/revisions"}],"predecessor-version":[{"id":252,"href":"https:\/\/userblogs.fu-berlin.de\/gree\/wp-json\/wp\/v2\/posts\/250\/revisions\/252"}],"wp:attachment":[{"href":"https:\/\/userblogs.fu-berlin.de\/gree\/wp-json\/wp\/v2\/media?parent=250"}],"wp:term":[{"taxonomy":"category","embeddable":true,"href":"https:\/\/userblogs.fu-berlin.de\/gree\/wp-json\/wp\/v2\/categories?post=250"},{"taxonomy":"post_tag","embeddable":true,"href":"https:\/\/userblogs.fu-berlin.de\/gree\/wp-json\/wp\/v2\/tags?post=250"}],"curies":[{"name":"wp","href":"https:\/\/api.w.org\/{rel}","templated":true}]}}