{"id":125,"date":"2009-09-08T11:38:54","date_gmt":"2009-09-08T09:38:54","guid":{"rendered":"https:\/\/userblogs.fu-berlin.de\/?p=125"},"modified":"2019-03-18T14:46:29","modified_gmt":"2019-03-18T13:46:29","slug":"online-educa-gemeinsam-lernen-im-netz","status":"publish","type":"post","link":"https:\/\/userblogs.fu-berlin.de\/?p=125","title":{"rendered":"Online Educa: Gemeinsam lernen im Netz"},"content":{"rendered":"<p><a href=\"https:\/\/blogs.fu-berlin.de\/files\/2009\/12\/oeduca.jpg\"><img decoding=\"async\" src=\"https:\/\/blogs.fu-berlin.de\/files\/2009\/12\/oeduca.jpg\" alt=\"online educa\" align=\"right\"><\/a>Der Eindruck t\u00e4uscht nicht: Auf der diesj\u00e4hrigen Online Educa 2009 in Berlin pr\u00e4sentierten und profilierten sich viele Aussteller mit L\u00f6sungsans\u00e4tzen, Social Software und bekannte Web 2.0 Anwendungen in ihre bestehenden Produkte zu integrieren. So \u00fcberrascht es nicht, dass auch viele neue und kleine Firmen mit L\u00f6sungen punkten konnten, z.B. GoogleDocs oder Youtube und Twitter an Learning Management Systeme zu koppeln.<\/p>\n<p>Dem Online-Networking geh\u00f6rt die Zukunft, meint auch die E-Learning Expertin Gilly Salmon, die im <a href=\"https:\/\/www.dradio.de\/dlf\/sendungen\/campus\/1080738\/\" target=\"_blank\">Deutschlandfunk<\/a> ihre Thesen und Visionen vom Lernen im Netz vorstellt. H\u00f6ren wir ihr und anderen Experten doch kurz zu:<\/p>\n","protected":false},"excerpt":{"rendered":"<p>Der Eindruck t\u00e4uscht nicht: Auf der diesj\u00e4hrigen Online Educa 2009 in Berlin pr\u00e4sentierten und profilierten sich viele Aussteller mit L\u00f6sungsans\u00e4tzen, Social Software und bekannte Web 2.0 Anwendungen in ihre bestehenden Produkte zu integrieren. So \u00fcberrascht es nicht, dass auch viele neue und kleine Firmen mit L\u00f6sungen punkten konnten, z.B. GoogleDocs oder Youtube und Twitter an &hellip; <a href=\"https:\/\/userblogs.fu-berlin.de\/?p=125\" class=\"more-link\"><span class=\"screen-reader-text\">\u201eOnline Educa: Gemeinsam lernen im Netz\u201c<\/span> weiterlesen<\/a><\/p>\n","protected":false},"author":10,"featured_media":0,"comment_status":"open","ping_status":"closed","sticky":false,"template":"","format":"standard","meta":{"footnotes":""},"categories":[22],"tags":[],"class_list":["post-125","post","type-post","status-publish","format-standard","hentry","category-veranstaltungen"],"_links":{"self":[{"href":"https:\/\/userblogs.fu-berlin.de\/index.php?rest_route=\/wp\/v2\/posts\/125","targetHints":{"allow":["GET"]}}],"collection":[{"href":"https:\/\/userblogs.fu-berlin.de\/index.php?rest_route=\/wp\/v2\/posts"}],"about":[{"href":"https:\/\/userblogs.fu-berlin.de\/index.php?rest_route=\/wp\/v2\/types\/post"}],"author":[{"embeddable":true,"href":"https:\/\/userblogs.fu-berlin.de\/index.php?rest_route=\/wp\/v2\/users\/10"}],"replies":[{"embeddable":true,"href":"https:\/\/userblogs.fu-berlin.de\/index.php?rest_route=%2Fwp%2Fv2%2Fcomments&post=125"}],"version-history":[{"count":6,"href":"https:\/\/userblogs.fu-berlin.de\/index.php?rest_route=\/wp\/v2\/posts\/125\/revisions"}],"predecessor-version":[{"id":1596,"href":"https:\/\/userblogs.fu-berlin.de\/index.php?rest_route=\/wp\/v2\/posts\/125\/revisions\/1596"}],"wp:attachment":[{"href":"https:\/\/userblogs.fu-berlin.de\/index.php?rest_route=%2Fwp%2Fv2%2Fmedia&parent=125"}],"wp:term":[{"taxonomy":"category","embeddable":true,"href":"https:\/\/userblogs.fu-berlin.de\/index.php?rest_route=%2Fwp%2Fv2%2Fcategories&post=125"},{"taxonomy":"post_tag","embeddable":true,"href":"https:\/\/userblogs.fu-berlin.de\/index.php?rest_route=%2Fwp%2Fv2%2Ftags&post=125"}],"curies":[{"name":"wp","href":"https:\/\/api.w.org\/{rel}","templated":true}]}}