{"id":133,"date":"2009-09-17T11:33:14","date_gmt":"2009-09-17T09:33:14","guid":{"rendered":"https:\/\/userblogs.fu-berlin.de\/?p=133"},"modified":"2019-03-18T14:23:18","modified_gmt":"2019-03-18T13:23:18","slug":"gml-tagung-2010-an-der-freien-universitat","status":"publish","type":"post","link":"https:\/\/userblogs.fu-berlin.de\/?p=133","title":{"rendered":"GML-Tagung 2010 an der Freien Universit\u00e4t"},"content":{"rendered":"<p>Im Jahr 2010 findet erneut die Tagung \u201cGML2 \u2013 Grundfragen Multimedialen Lehrens und Lernens\u201d an der Freien Universit\u00e4t Berlin statt. Die Tagung im M\u00e4rz 2010 steht unter dem Motto \u201cE-Kooperationen und E-Praxis\u201d.<\/p>\n<p><strong>Call for Papers<\/strong><br \/>\nDer Call for Papers \/ Poster (pdf) wurde vor wenigen Tagen an die E-Learning-Community verschickt und die Organisatoren hoffen nun auf vielf\u00e4ltige und interessante Einreichungen. Die Frist zur Einreichung endet am 17. Januar 2010. Das \u00fcbergreifende Thema der GML2-Tagung vom 11. bis 12. M\u00e4rz 2010 lautet \u201cE-Kooperationen und E-Praxis\u201d. Innovative und interaktive Veranstaltungsformate wie z. B. Thementische im Forum, Vortr\u00e4ge und Diskussionen im Plenum sowie Ausstellungsbeitr\u00e4ge sollen die Veranstaltung bereichern.<\/p>\n<p><strong>Weitere Informationen<\/strong><br \/>\n<a href=\"https:\/\/www.gml-2010.de\/\">Website zur GML2-Tagung<\/a><br \/>\n<a href=\"https:\/\/www.e-learning.fu-berlin.de\/veranstaltungen\/media\/GML2010_Call_for_Papers.pdf\">Der Call for Papers \/ Poster zum Download (pdf)<\/a><\/p>\n","protected":false},"excerpt":{"rendered":"<p>Im Jahr 2010 findet erneut die Tagung \u201cGML2 \u2013 Grundfragen Multimedialen Lehrens und Lernens\u201d an der Freien Universit\u00e4t Berlin statt. Die Tagung im M\u00e4rz 2010 steht unter dem Motto \u201cE-Kooperationen und E-Praxis\u201d. Call for Papers Der Call for Papers \/ Poster (pdf) wurde vor wenigen Tagen an die E-Learning-Community verschickt und die Organisatoren hoffen nun &hellip; <a href=\"https:\/\/userblogs.fu-berlin.de\/?p=133\" class=\"more-link\"><span class=\"screen-reader-text\">\u201eGML-Tagung 2010 an der Freien Universit\u00e4t\u201c<\/span> weiterlesen<\/a><\/p>\n","protected":false},"author":10,"featured_media":0,"comment_status":"open","ping_status":"closed","sticky":false,"template":"","format":"standard","meta":{"footnotes":""},"categories":[11,22],"tags":[],"class_list":["post-133","post","type-post","status-publish","format-standard","hentry","category-ankundigungen","category-veranstaltungen"],"_links":{"self":[{"href":"https:\/\/userblogs.fu-berlin.de\/index.php?rest_route=\/wp\/v2\/posts\/133","targetHints":{"allow":["GET"]}}],"collection":[{"href":"https:\/\/userblogs.fu-berlin.de\/index.php?rest_route=\/wp\/v2\/posts"}],"about":[{"href":"https:\/\/userblogs.fu-berlin.de\/index.php?rest_route=\/wp\/v2\/types\/post"}],"author":[{"embeddable":true,"href":"https:\/\/userblogs.fu-berlin.de\/index.php?rest_route=\/wp\/v2\/users\/10"}],"replies":[{"embeddable":true,"href":"https:\/\/userblogs.fu-berlin.de\/index.php?rest_route=%2Fwp%2Fv2%2Fcomments&post=133"}],"version-history":[{"count":4,"href":"https:\/\/userblogs.fu-berlin.de\/index.php?rest_route=\/wp\/v2\/posts\/133\/revisions"}],"predecessor-version":[{"id":1581,"href":"https:\/\/userblogs.fu-berlin.de\/index.php?rest_route=\/wp\/v2\/posts\/133\/revisions\/1581"}],"wp:attachment":[{"href":"https:\/\/userblogs.fu-berlin.de\/index.php?rest_route=%2Fwp%2Fv2%2Fmedia&parent=133"}],"wp:term":[{"taxonomy":"category","embeddable":true,"href":"https:\/\/userblogs.fu-berlin.de\/index.php?rest_route=%2Fwp%2Fv2%2Fcategories&post=133"},{"taxonomy":"post_tag","embeddable":true,"href":"https:\/\/userblogs.fu-berlin.de\/index.php?rest_route=%2Fwp%2Fv2%2Ftags&post=133"}],"curies":[{"name":"wp","href":"https:\/\/api.w.org\/{rel}","templated":true}]}}