{"id":194,"date":"2010-09-24T11:35:25","date_gmt":"2010-09-24T09:35:25","guid":{"rendered":"https:\/\/userblogs.fu-berlin.de\/?p=194"},"modified":"2019-03-18T14:22:41","modified_gmt":"2019-03-18T13:22:41","slug":"gml-2010-11-12-marz-2010-an-der-fu","status":"publish","type":"post","link":"https:\/\/userblogs.fu-berlin.de\/?p=194","title":{"rendered":"GML 2010: 11.\/12. M\u00e4rz 2010 an der FU"},"content":{"rendered":"<p><img loading=\"lazy\" decoding=\"async\" src=\"https:\/\/www.gml-2010.de\/layout_2_0\/img\/gml_header.gif\" alt=\"\" width=\"344\" height=\"68\" align=\"right\" \/>Wie <a href=\"https:\/\/blogs.fu-berlin.de\/?p=255\" target=\"_blank\">berichtet<\/a>,  findet die diesj\u00e4hrige GML\u00b2 unter dem Motto &#8222;<a title=\"Programm\" href=\"https:\/\/www.gml-2010.de\/programm\/index.html\" target=\"_blank\">E-Kooperationen  und E-Praxis<\/a>&#8220; vom  11.-12. M\u00e4rz an der Freien Universit\u00e4t Berlin  statt.<\/p>\n<p>Zahlreiche anerkannte E-Learning  Experten konnten gewonnen werden.  Prof. Dr. Oliver Vornberger, Tr\u00e4ger des  Ars-legendi Preises 2009 und  Direktor des <span>Instituts f\u00fcr Informatik  der Universit\u00e4t Osnabr\u00fcck,  wird \u00fcber den Bedarf der Neuen Medien  berichten, Prof. Dr. Andrea Back,  Direktorin des Instituts f\u00fcr  Wirtschaftsinformatik der Universit\u00e4t St.  Gallen, \u00fcber die F<\/span>ormen  der Zusammenarbeit zwischen Hochschule  und Unternehmen und Prof. Dr.  Ada Pellert, <span>Pr\u00e4sidentin der  Deutschen Universit\u00e4t f\u00fcr  Weiterbildung,<\/span> wird auf die  Weiterbildung als Ko-Kreation  zwischen Wissenschaft und Wirtschaft  eingehen.<img decoding=\"async\" src=\"https:\/\/blogs.fu-berlin.de\/wp-includes\/js\/tinymce\/plugins\/wordpress\/img\/trans.gif\" alt=\"\" \/><\/p>\n<p><!--more-->Des  Weiteren erwarten Sie zahlreiche<a title=\"Programm\" href=\"https:\/\/www.gml-2010.de\/programm\/index.html\" target=\"_blank\"> Vortr\u00e4ge und Praxisforen<\/a>. Sie <span>thematisieren  (inter)nationale  E-Learning Kooperationen, kreative Einsatzm\u00f6glichkeiten  digitaler  Medien im Bildungsbereich sowie Trends und Visionen neuer  Lehr- und  Lernkulturen. In diesem Jahr wird auch die schulische Bildung  mit einem  eigenen Vortragsslot ber\u00fccksichtigt. Es freut uns sehr, dass  wir zu  diesem Bereich ebenfalls zahlreiche Einreichungen erhalten haben.<\/span><\/p>\n<p>Weitere H\u00f6hepunkte der GML\u00b2 2010 sind die Verleihung des j\u00e4hrlichen <a href=\"https:\/\/www.e-learning.fu-berlin.de\/beratung\/foerderprogramm\/foerderpreis\/index.html\" target=\"_self\">E-Learning-Preises der Freien Universit\u00e4t Berlin<\/a>,   das beliebte Networking-Dinner am Abend des ersten Tages und die   begleitende <a title=\"Ausstellung\" href=\"https:\/\/www.gml-2010.de\/ausstellung\/index.html\">Posterausstellung<\/a>.  Hier pr\u00e4sentieren sich 13  Hochschulen und Unternehmen aus dem  deutschsprachigen Raum mit Ihren  aktuellen E-Learning Projekten und  Konzepten.<\/p>\n<p>Veranstaltet wird die Tagung vom Stiftungsverbund-Kolleg   &#8222;Informationsgesellschaft&#8220; der <a href=\"https:\/\/www.stiftungaktuell.de\/\" target=\"_blank\">Alcatel-Lucent  Stiftung<\/a> f\u00fcr Kommunikationsforschung.  Ausgerichtet wird sie vom <a href=\"https:\/\/www.cedis.fu-berlin.de\/index.html\" target=\"_self\">Center   f\u00fcr Digitale Systeme<\/a> der Freien Universit\u00e4t Berlin.   Veranstaltungsort ist das <a href=\"https:\/\/www.zib.de\/besucher\/index.de.html\" target=\"_blank\">Konrad-Zuse-Zentrum   f\u00fcr Informationstechnik Berlin (ZIB)<\/a>.<\/p>\n<p>Detaillierte Informationen zum Programm finden Sie <a title=\"Programm\" href=\"https:\/\/www.gml-2010.de\/programm\/index.html\" target=\"_blank\">hier  <span>\u00bb<\/span><\/a><\/p>\n<p><span>Informationen zur Tagungsgeb\u00fchr und Anmeldung finden Sie<\/span> <a title=\"Anmeldung\" href=\"https:\/\/www.gml-2010.de\/anmeldung\/index.html\" target=\"_blank\"><span>hier  \u00bb<\/span><\/a><\/p>\n","protected":false},"excerpt":{"rendered":"<p>Wie berichtet, findet die diesj\u00e4hrige GML\u00b2 unter dem Motto &#8222;E-Kooperationen und E-Praxis&#8220; vom 11.-12. M\u00e4rz an der Freien Universit\u00e4t Berlin statt. Zahlreiche anerkannte E-Learning Experten konnten gewonnen werden. Prof. Dr. Oliver Vornberger, Tr\u00e4ger des Ars-legendi Preises 2009 und Direktor des Instituts f\u00fcr Informatik der Universit\u00e4t Osnabr\u00fcck, wird \u00fcber den Bedarf der Neuen Medien berichten, Prof. &hellip; <a href=\"https:\/\/userblogs.fu-berlin.de\/?p=194\" class=\"more-link\"><span class=\"screen-reader-text\">\u201eGML 2010: 11.\/12. M\u00e4rz 2010 an der FU\u201c<\/span> weiterlesen<\/a><\/p>\n","protected":false},"author":10,"featured_media":0,"comment_status":"open","ping_status":"closed","sticky":false,"template":"","format":"standard","meta":{"footnotes":""},"categories":[11,22],"tags":[204,203],"class_list":["post-194","post","type-post","status-publish","format-standard","hentry","category-ankundigungen","category-veranstaltungen","tag-e-learningpreis","tag-gml"],"_links":{"self":[{"href":"https:\/\/userblogs.fu-berlin.de\/index.php?rest_route=\/wp\/v2\/posts\/194","targetHints":{"allow":["GET"]}}],"collection":[{"href":"https:\/\/userblogs.fu-berlin.de\/index.php?rest_route=\/wp\/v2\/posts"}],"about":[{"href":"https:\/\/userblogs.fu-berlin.de\/index.php?rest_route=\/wp\/v2\/types\/post"}],"author":[{"embeddable":true,"href":"https:\/\/userblogs.fu-berlin.de\/index.php?rest_route=\/wp\/v2\/users\/10"}],"replies":[{"embeddable":true,"href":"https:\/\/userblogs.fu-berlin.de\/index.php?rest_route=%2Fwp%2Fv2%2Fcomments&post=194"}],"version-history":[{"count":6,"href":"https:\/\/userblogs.fu-berlin.de\/index.php?rest_route=\/wp\/v2\/posts\/194\/revisions"}],"predecessor-version":[{"id":1580,"href":"https:\/\/userblogs.fu-berlin.de\/index.php?rest_route=\/wp\/v2\/posts\/194\/revisions\/1580"}],"wp:attachment":[{"href":"https:\/\/userblogs.fu-berlin.de\/index.php?rest_route=%2Fwp%2Fv2%2Fmedia&parent=194"}],"wp:term":[{"taxonomy":"category","embeddable":true,"href":"https:\/\/userblogs.fu-berlin.de\/index.php?rest_route=%2Fwp%2Fv2%2Fcategories&post=194"},{"taxonomy":"post_tag","embeddable":true,"href":"https:\/\/userblogs.fu-berlin.de\/index.php?rest_route=%2Fwp%2Fv2%2Ftags&post=194"}],"curies":[{"name":"wp","href":"https:\/\/api.w.org\/{rel}","templated":true}]}}