{"id":201,"date":"2010-09-05T12:36:48","date_gmt":"2010-09-05T10:36:48","guid":{"rendered":"https:\/\/userblogs.fu-berlin.de\/?p=201"},"modified":"2019-03-18T14:52:34","modified_gmt":"2019-03-18T13:52:34","slug":"republica-2010-wie-verandert-twitter-unser-kommunikationsverhalten","status":"publish","type":"post","link":"https:\/\/userblogs.fu-berlin.de\/?p=201","title":{"rendered":"Re:publica&#8220; 2010: Wie ver\u00e4ndert Twitter unser Kommunikationsverhalten"},"content":{"rendered":"<p>Die Organisatoren der Berliner Netzkonferenz re:publica haben am   Donnerstag<span>das <a href=\"https:\/\/re-publica.de\/10\/programm\/\">vorl\u00e4ufige      Programm<\/a> <\/span>f\u00fcr die diesj\u00e4hrige Ausgabe der Veranstaltung <span>ver\u00f6ffentlicht.  Das Symposium wird vom 14. bis  16.    M\u00e4rz an drei Orten in  Berlin-Mitte veranstaltet: dem  Friedrichstadtpalast,    der Kalkscheune  und dem Quatsch Comedy Club.<\/span><\/p>\n<blockquote><p>Das Thema der re:publica\u20192010 ist \u201cnowHere\u201d. Damit meinen  die Organisatoren einerseits  die Echtzeitkommunikation, andererseits  wird die re:publica 2010  deutlich internationaler und\u00a0 bringt  zahlreiche spannende Projekte  und Blogger aus anderen L\u00e4ndern und  Kulturkreisen auf die B\u00fchne.<\/p><\/blockquote>\n<p>Eine von der Bundeszentrale f\u00fcr politische Bildung  gef\u00f6rderte  Subkonferenz wird sich am 15. April mit dem Thema  Netzneutralit\u00e4t  befassen.<\/p>\n","protected":false},"excerpt":{"rendered":"<p>Die Organisatoren der Berliner Netzkonferenz re:publica haben am Donnerstagdas vorl\u00e4ufige Programm f\u00fcr die diesj\u00e4hrige Ausgabe der Veranstaltung ver\u00f6ffentlicht. Das Symposium wird vom 14. bis 16. M\u00e4rz an drei Orten in Berlin-Mitte veranstaltet: dem Friedrichstadtpalast, der Kalkscheune und dem Quatsch Comedy Club. Das Thema der re:publica\u20192010 ist \u201cnowHere\u201d. Damit meinen die Organisatoren einerseits die Echtzeitkommunikation, andererseits &hellip; <a href=\"https:\/\/userblogs.fu-berlin.de\/?p=201\" class=\"more-link\"><span class=\"screen-reader-text\">\u201eRe:publica&#8220; 2010: Wie ver\u00e4ndert Twitter unser Kommunikationsverhalten\u201c<\/span> weiterlesen<\/a><\/p>\n","protected":false},"author":10,"featured_media":0,"comment_status":"open","ping_status":"closed","sticky":false,"template":"","format":"standard","meta":{"footnotes":""},"categories":[12,22],"tags":[],"class_list":["post-201","post","type-post","status-publish","format-standard","hentry","category-presse","category-veranstaltungen"],"_links":{"self":[{"href":"https:\/\/userblogs.fu-berlin.de\/index.php?rest_route=\/wp\/v2\/posts\/201","targetHints":{"allow":["GET"]}}],"collection":[{"href":"https:\/\/userblogs.fu-berlin.de\/index.php?rest_route=\/wp\/v2\/posts"}],"about":[{"href":"https:\/\/userblogs.fu-berlin.de\/index.php?rest_route=\/wp\/v2\/types\/post"}],"author":[{"embeddable":true,"href":"https:\/\/userblogs.fu-berlin.de\/index.php?rest_route=\/wp\/v2\/users\/10"}],"replies":[{"embeddable":true,"href":"https:\/\/userblogs.fu-berlin.de\/index.php?rest_route=%2Fwp%2Fv2%2Fcomments&post=201"}],"version-history":[{"count":5,"href":"https:\/\/userblogs.fu-berlin.de\/index.php?rest_route=\/wp\/v2\/posts\/201\/revisions"}],"predecessor-version":[{"id":1601,"href":"https:\/\/userblogs.fu-berlin.de\/index.php?rest_route=\/wp\/v2\/posts\/201\/revisions\/1601"}],"wp:attachment":[{"href":"https:\/\/userblogs.fu-berlin.de\/index.php?rest_route=%2Fwp%2Fv2%2Fmedia&parent=201"}],"wp:term":[{"taxonomy":"category","embeddable":true,"href":"https:\/\/userblogs.fu-berlin.de\/index.php?rest_route=%2Fwp%2Fv2%2Fcategories&post=201"},{"taxonomy":"post_tag","embeddable":true,"href":"https:\/\/userblogs.fu-berlin.de\/index.php?rest_route=%2Fwp%2Fv2%2Ftags&post=201"}],"curies":[{"name":"wp","href":"https:\/\/api.w.org\/{rel}","templated":true}]}}