{"id":243,"date":"2010-09-26T13:31:19","date_gmt":"2010-09-26T11:31:19","guid":{"rendered":"https:\/\/userblogs.fu-berlin.de\/?p=243"},"modified":"2019-03-18T14:03:09","modified_gmt":"2019-03-18T13:03:09","slug":"eassessment-in-der-hochschule","status":"publish","type":"post","link":"https:\/\/userblogs.fu-berlin.de\/?p=243","title":{"rendered":"eAssessment an der Hochschule"},"content":{"rendered":"<div>\n<p>Die aktuelle Ausgabe der Zeitschrift  \u201c<a href=\"https:\/\/www.medienpaed.com\/\" target=\"_blank\">MedienP\u00e4dagogik<\/a>\u201d  besch\u00e4ftigt sich mit dem Einsatz  elektronischer  Pr\u00fcfungsformen in  formellen Lernprozessen.<br \/>\n<strong>Zum Inhalt:<\/strong><\/p>\n<blockquote><p>\u201cDie Beitr\u00e4ge in diesem Themenheft stellen vielfach   Erfahrungen mit  der Konzeption und Implementierung von   E-Lehr-\/Lern-Portfolios vor. Sie  gehen auf die Funktionen und Zwecke   von Methoden der individuellen  Leistungsdarstellung ein. Sie erl\u00e4utern   Ans\u00e4tze, die sich mit der  Aneignung derartiger Methoden durch Lernende   und Lehrende besch\u00e4ftigen,  und dokumentieren die damit verbundenen   Anforderungen auf der Grundlage  empirischer Praxis. Thematisiert werden   ebenfalls die Verfahren und  Tools, die eingesetzt werden, um die   Selbstreflexion und -steuerung des  Lernprozesses bzw. der   Kompetenzentwicklung zu unterst\u00fctzen. Dabei ist  auch die Frage zentral,   inwieweit informell erworbene Kenntnisse und  Kompetenzen   ber\u00fccksichtigt werden.\u201d<\/p><\/blockquote>\n<p><strong>DOWNLOAD<\/strong>: Die einzelnen Beitr\u00e4ge der 18ten Ausgabe  18 k\u00f6nnen  Sie <a href=\"https:\/\/www.medienpaed.com\/zs\/content\/blogcategory\/44\/72\/\" target=\"_blank\">hier<\/a> im PDF-Format herunterladen.<\/p>\n<\/div>\n","protected":false},"excerpt":{"rendered":"<p>Die aktuelle Ausgabe der Zeitschrift \u201cMedienP\u00e4dagogik\u201d besch\u00e4ftigt sich mit dem Einsatz elektronischer Pr\u00fcfungsformen in formellen Lernprozessen. Zum Inhalt: \u201cDie Beitr\u00e4ge in diesem Themenheft stellen vielfach Erfahrungen mit der Konzeption und Implementierung von E-Lehr-\/Lern-Portfolios vor. Sie gehen auf die Funktionen und Zwecke von Methoden der individuellen Leistungsdarstellung ein. Sie erl\u00e4utern Ans\u00e4tze, die sich mit der Aneignung &hellip; <a href=\"https:\/\/userblogs.fu-berlin.de\/?p=243\" class=\"more-link\"><span class=\"screen-reader-text\">\u201eeAssessment an der Hochschule\u201c<\/span> weiterlesen<\/a><\/p>\n","protected":false},"author":10,"featured_media":0,"comment_status":"open","ping_status":"closed","sticky":false,"template":"","format":"standard","meta":{"footnotes":""},"categories":[12],"tags":[282],"class_list":["post-243","post","type-post","status-publish","format-standard","hentry","category-presse","tag-e-assessment"],"_links":{"self":[{"href":"https:\/\/userblogs.fu-berlin.de\/index.php?rest_route=\/wp\/v2\/posts\/243","targetHints":{"allow":["GET"]}}],"collection":[{"href":"https:\/\/userblogs.fu-berlin.de\/index.php?rest_route=\/wp\/v2\/posts"}],"about":[{"href":"https:\/\/userblogs.fu-berlin.de\/index.php?rest_route=\/wp\/v2\/types\/post"}],"author":[{"embeddable":true,"href":"https:\/\/userblogs.fu-berlin.de\/index.php?rest_route=\/wp\/v2\/users\/10"}],"replies":[{"embeddable":true,"href":"https:\/\/userblogs.fu-berlin.de\/index.php?rest_route=%2Fwp%2Fv2%2Fcomments&post=243"}],"version-history":[{"count":7,"href":"https:\/\/userblogs.fu-berlin.de\/index.php?rest_route=\/wp\/v2\/posts\/243\/revisions"}],"predecessor-version":[{"id":1562,"href":"https:\/\/userblogs.fu-berlin.de\/index.php?rest_route=\/wp\/v2\/posts\/243\/revisions\/1562"}],"wp:attachment":[{"href":"https:\/\/userblogs.fu-berlin.de\/index.php?rest_route=%2Fwp%2Fv2%2Fmedia&parent=243"}],"wp:term":[{"taxonomy":"category","embeddable":true,"href":"https:\/\/userblogs.fu-berlin.de\/index.php?rest_route=%2Fwp%2Fv2%2Fcategories&post=243"},{"taxonomy":"post_tag","embeddable":true,"href":"https:\/\/userblogs.fu-berlin.de\/index.php?rest_route=%2Fwp%2Fv2%2Ftags&post=243"}],"curies":[{"name":"wp","href":"https:\/\/api.w.org\/{rel}","templated":true}]}}