{"id":250,"date":"2010-09-07T10:59:14","date_gmt":"2010-09-07T08:59:14","guid":{"rendered":"https:\/\/userblogs.fu-berlin.de\/?p=250"},"modified":"2019-03-18T15:02:11","modified_gmt":"2019-03-18T14:02:11","slug":"veranstalung-trendwerkstatt-web-2-0-im-berufsalltag","status":"publish","type":"post","link":"https:\/\/userblogs.fu-berlin.de\/?p=250","title":{"rendered":"Veranstaltung: Trendwerkstatt Web 2.0 im Berufsalltag"},"content":{"rendered":"<p>Am 18. Juni findet die n\u00e4chste Veranstaltung im Rahmen der neuen  Schulungsreihe Trendwerkstatt zum Thema \u201eWeb 2.0 &#8211; Berufsalltag leicht  gemacht statt\u201c statt, die von CeDiS \u2013 dem Kompetenzzentrum  E-Learning\/Multimedia der FU \u2013 angeboten wird.<\/p>\n<blockquote><p>Wer kennt das nicht? Sie haben auf Ihrem Computer  Dokumente gespeichert, Termine eingetragen, Ihre Lieblingswebseiten als  Favoriten abgelegt und k\u00f6nnen darauf nicht von anderen Rechnern aus  zugreifen\u2026 Mit der Einf\u00fchrung sog. Web 2.0-Anwendungen geh\u00f6ren solche  Probleme der Vergangenheit an! In dieser Veranstaltung lernen Sie die  vielf\u00e4ltigen M\u00f6glich\u00adkeiten des computerunab\u00adh\u00e4ngigen Arbeitens kennen  und erhalten Antworten auf die folgenden Fragen:<\/p>\n<ul>\n<li> Was verbirgt sich hinter dem Begriff \u201eWeb 2.0\u201c und welche  M\u00f6glichkeiten bieten webbasierte Anwendungen zur Unterst\u00fctzung des  Berufsalltags?<\/li>\n<li> Wie k\u00f6nnen Sie Ihre h\u00e4ufig besuchten Websites rechner\u00adunabh\u00e4ngig  speichern?<\/li>\n<li> Wie k\u00f6nnen Sie Dokumente online erstellen, speichern und mit  anderen gemeinsam bearbeiten?<\/li>\n<li> Wie k\u00f6nnen Sie oftmals genutzte Internet-Anwendungen in Ihre  Browser-Startseite integrieren und darauf von \u00fcberall her zugreifen?<\/li>\n<li> Wie k\u00f6nnen Sie Ihre Termine online verwalten?<\/li>\n<li> Was sind \u201eRSS-Feeds\u201c und welche Vorteile bietet deren Nutzung?<\/li>\n<\/ul>\n<\/blockquote>\n<p>Termin:\u00a0\u00a0 \u00a018.06.2010<br \/>\nUhrzeit: \u00a0\u00a0 \u00a010:00 \u2013 14:30 Uhr<br \/>\nAnmeldung: <a href=\"mailto:fortbildung@cedis.fu-berlin.de\">fortbildung@cedis.fu-berlin.de<\/a><\/p>\n<p>Informationen zu dieser und weiteren Fortbildungen zu Blackboard und  Web 2.0 erhalten Sie <a href=\"https:\/\/www.e-learning.fu-berlin.de\/schulungen\/lehrende\/terminuebersicht\/index.html\" target=\"_blank\">hier<\/a>.<\/p>\n","protected":false},"excerpt":{"rendered":"<p>Am 18. Juni findet die n\u00e4chste Veranstaltung im Rahmen der neuen Schulungsreihe Trendwerkstatt zum Thema \u201eWeb 2.0 &#8211; Berufsalltag leicht gemacht statt\u201c statt, die von CeDiS \u2013 dem Kompetenzzentrum E-Learning\/Multimedia der FU \u2013 angeboten wird. Wer kennt das nicht? Sie haben auf Ihrem Computer Dokumente gespeichert, Termine eingetragen, Ihre Lieblingswebseiten als Favoriten abgelegt und k\u00f6nnen &hellip; <a href=\"https:\/\/userblogs.fu-berlin.de\/?p=250\" class=\"more-link\"><span class=\"screen-reader-text\">\u201eVeranstaltung: Trendwerkstatt Web 2.0 im Berufsalltag\u201c<\/span> weiterlesen<\/a><\/p>\n","protected":false},"author":10,"featured_media":0,"comment_status":"open","ping_status":"closed","sticky":false,"template":"","format":"standard","meta":{"footnotes":""},"categories":[11,22],"tags":[],"class_list":["post-250","post","type-post","status-publish","format-standard","hentry","category-ankundigungen","category-veranstaltungen"],"_links":{"self":[{"href":"https:\/\/userblogs.fu-berlin.de\/index.php?rest_route=\/wp\/v2\/posts\/250","targetHints":{"allow":["GET"]}}],"collection":[{"href":"https:\/\/userblogs.fu-berlin.de\/index.php?rest_route=\/wp\/v2\/posts"}],"about":[{"href":"https:\/\/userblogs.fu-berlin.de\/index.php?rest_route=\/wp\/v2\/types\/post"}],"author":[{"embeddable":true,"href":"https:\/\/userblogs.fu-berlin.de\/index.php?rest_route=\/wp\/v2\/users\/10"}],"replies":[{"embeddable":true,"href":"https:\/\/userblogs.fu-berlin.de\/index.php?rest_route=%2Fwp%2Fv2%2Fcomments&post=250"}],"version-history":[{"count":6,"href":"https:\/\/userblogs.fu-berlin.de\/index.php?rest_route=\/wp\/v2\/posts\/250\/revisions"}],"predecessor-version":[{"id":1614,"href":"https:\/\/userblogs.fu-berlin.de\/index.php?rest_route=\/wp\/v2\/posts\/250\/revisions\/1614"}],"wp:attachment":[{"href":"https:\/\/userblogs.fu-berlin.de\/index.php?rest_route=%2Fwp%2Fv2%2Fmedia&parent=250"}],"wp:term":[{"taxonomy":"category","embeddable":true,"href":"https:\/\/userblogs.fu-berlin.de\/index.php?rest_route=%2Fwp%2Fv2%2Fcategories&post=250"},{"taxonomy":"post_tag","embeddable":true,"href":"https:\/\/userblogs.fu-berlin.de\/index.php?rest_route=%2Fwp%2Fv2%2Ftags&post=250"}],"curies":[{"name":"wp","href":"https:\/\/api.w.org\/{rel}","templated":true}]}}