{"id":275,"date":"2010-09-22T09:54:18","date_gmt":"2010-09-22T07:54:18","guid":{"rendered":"https:\/\/userblogs.fu-berlin.de\/?p=275"},"modified":"2019-03-18T14:07:27","modified_gmt":"2019-03-18T13:07:27","slug":"educamp-bremen-2011","status":"publish","type":"post","link":"https:\/\/userblogs.fu-berlin.de\/?p=275","title":{"rendered":"EduCamp Bremen 2011"},"content":{"rendered":"<div>\n<p><img loading=\"lazy\" decoding=\"async\" class=\"alignright\" title=\"EduCamp\" src=\"https:\/\/blogs.fu-berlin.de\/files\/2010\/12\/bremenedcu1.png\" alt=\"\" width=\"200\" height=\"47\" \/>Nach zwei EduCamps in diesem Jahr,\u00a0<a href=\"https:\/\/educamp.mixxt.de\/networks\/wiki\/index.archiv-ec10-5\" target=\"_blank\">Februar in Hamburg<\/a> und\u00a0<a href=\"https:\/\/educamp.mixxt.de\/networks\/wiki\/index.EduCamp%202010%20_6%20in%20Aachen\" target=\"_blank\">November in Aachen<\/a>, und einer\u00a0<a href=\"https:\/\/www.gmw10.ch\/programm\/pre-conference.html\" target=\"_blank\">GMW Pre-Conference<\/a> im September nach dem EduCamp-Vorbild, findet nun das n\u00e4chste EduCamp im M\u00e4rz an der Universit\u00e4t Bremen statt. Am 20. und 21. M\u00e4rz werden sich Experten und Lehrende im Schul- und Hochschulbereich, Vertreter von Unternehmen und Agenturen sowie interessierte Sch\u00fcler und Studierende zusammentreffen und sich zu\u00a0Themen rund um Medien und Bildung austauschen.<\/p>\n<p>Die Veranstaltung ist nach dem\u00a0<a href=\"https:\/\/educamp.mixxt.de\/networks\/wiki\/index.educamp_info\" target=\"_blank\">BarCamp-Prinzip<\/a> organisiert, d.h. wird es keine Zuschauer geben, sondern ausschliesslich Beteiligte. Die genauen Themen ergeben sich erst am Tag selbst. Im Vorfeld k\u00f6nnen jedoch bereits\u00a0Themenw\u00fcnsche und -angebote\u00a0ge\u00e4u\u00dfert werden.<\/p>\n<p>Die Teilnehmerzahl ist zun\u00e4chst auf 100 beschr\u00e4nkt und die\u00a0<a href=\"https:\/\/educamp.mixxt.de\/networks\/news\/news.11377\" target=\"_blank\">Anmeldung ab sofort <\/a>m\u00f6glich.<\/p>\n<\/div>\n","protected":false},"excerpt":{"rendered":"<p>Nach zwei EduCamps in diesem Jahr,\u00a0Februar in Hamburg und\u00a0November in Aachen, und einer\u00a0GMW Pre-Conference im September nach dem EduCamp-Vorbild, findet nun das n\u00e4chste EduCamp im M\u00e4rz an der Universit\u00e4t Bremen statt. Am 20. und 21. M\u00e4rz werden sich Experten und Lehrende im Schul- und Hochschulbereich, Vertreter von Unternehmen und Agenturen sowie interessierte Sch\u00fcler und Studierende &hellip; <a href=\"https:\/\/userblogs.fu-berlin.de\/?p=275\" class=\"more-link\"><span class=\"screen-reader-text\">\u201eEduCamp Bremen 2011\u201c<\/span> weiterlesen<\/a><\/p>\n","protected":false},"author":10,"featured_media":0,"comment_status":"open","ping_status":"closed","sticky":false,"template":"","format":"standard","meta":{"footnotes":""},"categories":[11,22],"tags":[],"class_list":["post-275","post","type-post","status-publish","format-standard","hentry","category-ankundigungen","category-veranstaltungen"],"_links":{"self":[{"href":"https:\/\/userblogs.fu-berlin.de\/index.php?rest_route=\/wp\/v2\/posts\/275","targetHints":{"allow":["GET"]}}],"collection":[{"href":"https:\/\/userblogs.fu-berlin.de\/index.php?rest_route=\/wp\/v2\/posts"}],"about":[{"href":"https:\/\/userblogs.fu-berlin.de\/index.php?rest_route=\/wp\/v2\/types\/post"}],"author":[{"embeddable":true,"href":"https:\/\/userblogs.fu-berlin.de\/index.php?rest_route=\/wp\/v2\/users\/10"}],"replies":[{"embeddable":true,"href":"https:\/\/userblogs.fu-berlin.de\/index.php?rest_route=%2Fwp%2Fv2%2Fcomments&post=275"}],"version-history":[{"count":4,"href":"https:\/\/userblogs.fu-berlin.de\/index.php?rest_route=\/wp\/v2\/posts\/275\/revisions"}],"predecessor-version":[{"id":1568,"href":"https:\/\/userblogs.fu-berlin.de\/index.php?rest_route=\/wp\/v2\/posts\/275\/revisions\/1568"}],"wp:attachment":[{"href":"https:\/\/userblogs.fu-berlin.de\/index.php?rest_route=%2Fwp%2Fv2%2Fmedia&parent=275"}],"wp:term":[{"taxonomy":"category","embeddable":true,"href":"https:\/\/userblogs.fu-berlin.de\/index.php?rest_route=%2Fwp%2Fv2%2Fcategories&post=275"},{"taxonomy":"post_tag","embeddable":true,"href":"https:\/\/userblogs.fu-berlin.de\/index.php?rest_route=%2Fwp%2Fv2%2Ftags&post=275"}],"curies":[{"name":"wp","href":"https:\/\/api.w.org\/{rel}","templated":true}]}}