{"id":368,"date":"2011-09-25T13:42:29","date_gmt":"2011-09-25T11:42:29","guid":{"rendered":"https:\/\/userblogs.fu-berlin.de\/?p=368"},"modified":"2019-03-18T13:38:11","modified_gmt":"2019-03-18T12:38:11","slug":"datenschutz-smartphones-senden-ortungsdaten","status":"publish","type":"post","link":"https:\/\/userblogs.fu-berlin.de\/?p=368","title":{"rendered":"Datenschutz: Smartphones senden Ortungsdaten"},"content":{"rendered":"<p><a href=\"https:\/\/blogs.fu-berlin.de\/files\/2011\/04\/standortprot.jpg\"><img loading=\"lazy\" decoding=\"async\" class=\"alignright\" title=\"Ortung \/ Google \/  Android\" src=\"https:\/\/blogs.fu-berlin.de\/files\/2011\/04\/standortprot-300x144.jpg\" alt=\"\" width=\"300\" height=\"144\" \/><\/a><\/p>\n<p>Ganz neu ist das Thema nicht, dennoch \u00fcberrascht vor Ostern die <a href=\"https:\/\/www.spiegel.de\/netzwelt\/netzpolitik\/0,1518,758775,00.html\" target=\"_blank\">Nachricht<\/a>,  dass die Smartphones von Apple und Android Handys offenbar im gro\u00dfen  Stil Bewegungsdaten ihrer Nutzer\/innen an die Konzernzentralen (Apple  &amp; Google) senden.<\/p>\n<blockquote><p>Apple wird [&#8230;] die dauerhafte, unverschl\u00fcsselte  Speicherung von Standort-Daten auf dem iPhone und iPad sowie einem  synchronisierenden Rechner vorgeworfen. Zwar ist noch unklar, wof\u00fcr  diese Speicherung erfolgt, hieraus ergeben sich aber weitreichende  M\u00f6glichkeiten zur Erstellung von Bewegungsprofilen. Google indes  \u00fcbermittelt kontinuierlich Standort-Daten von Android-Nutzern an den  Konzern mit eindeutiger ID &#8211; und bezeichnet dies als anonyme Erhebung.<br \/>\n(Quelle teltarif.de)<\/p><\/blockquote>\n<p><img decoding=\"async\" title=\"Weiterlesen...\" src=\"https:\/\/blogs.fu-berlin.de\/wp-includes\/js\/tinymce\/plugins\/wordpress\/img\/trans.gif\" alt=\"\" \/>Und obgleich viele <a href=\"https:\/\/www.chip.de\/news\/iPhone-iPad-Tracker-ausschalten-und-Daten-loeschen_48609621.html\" target=\"_blank\">Webseiten<\/a> inzwischen Tipps und Hinweise ver\u00f6ffentliche, wie Nutzer\/innen das  Protokollieren &#8211; zumindest &#8211; eingrenzen k\u00f6nnen, bleibt die generelle  Gewissheit, dass die Nutzung von Social Web und den damit verbundenen  Diensten, einen sehr sensiblen Umgang mit eben diesen Diensten  voraussetzt. Viele dieser Dienste &#8211; und Smartphones vor allem &#8211;\u00a0  funktionieren eigentlich nur &#8222;richtig&#8220;, wenn solche Dienste aktiviert  sind, aber:<br \/>\nMuss ich wirklich den aktuellen Wetterdienst abonnieren und dem  Handy damit erlauben, meine Standortdaten an ferne Server zu senden? Wie  gro\u00df ist der Nutzen, per foursquare oder Latitude Freundinnen und  Freunden meinen aktuellen Standort anzuzeigen? Muss ich alle meine Daten  nur bei einem Dienstanbieter hinterlegen oder verteile ich ggf. meine Daten  auf verschiedene Dienste? W\u00e4hle ich u.U. Nicknames oder  Phantasie-Emailadressen zur Registrierung bei den Diensten?<\/p>\n<p><!--more-->Generell gilt: Datenschutz heisst <strong>Mitdenken <\/strong>und <strong>Handeln<\/strong>!<br \/>\nDenn:<\/p>\n<blockquote><p>Das Daten gesammelt werden, l\u00e4sst sich kaum vermeiden.  Dies gilt sowohl f\u00fcr Smartphones mit ihren vielf\u00e4ltigen Features als  auch generell f\u00fcr die Internet-Nutzung. Der Anwender hat es aber selbst  in der Hand, hier an bestimmten Stellen einen Riegel vorzuschieben. Das  Problem dabei: Die Unternehmen geben einfache Nutzungsm\u00f6glichkeiten vor,  mit denen sich die Ger\u00e4te und Dienste besonders komfortabel nutzen  lassen &#8211; f\u00fcr alles andere ist mehr Eigeninitiative gefragt. Ein erh\u00f6hter  Datenschutz ist also in der aktuellen Situation vor allem eins:  beschwerlich und erfordert Mitdenken und Eigeninitiative der Nutzer!<br \/>\n(Quelle: <a href=\"https:\/\/www.teltarif.de\/datenschutz-sicherheit-apple-iphone-google-android\/news\/42437.html\" target=\"_blank\">teltarif.de<\/a>)<\/p><\/blockquote>\n","protected":false},"excerpt":{"rendered":"<p>Ganz neu ist das Thema nicht, dennoch \u00fcberrascht vor Ostern die Nachricht, dass die Smartphones von Apple und Android Handys offenbar im gro\u00dfen Stil Bewegungsdaten ihrer Nutzer\/innen an die Konzernzentralen (Apple &amp; Google) senden. Apple wird [&#8230;] die dauerhafte, unverschl\u00fcsselte Speicherung von Standort-Daten auf dem iPhone und iPad sowie einem synchronisierenden Rechner vorgeworfen. Zwar ist &hellip; <a href=\"https:\/\/userblogs.fu-berlin.de\/?p=368\" class=\"more-link\"><span class=\"screen-reader-text\">\u201eDatenschutz: Smartphones senden Ortungsdaten\u201c<\/span> weiterlesen<\/a><\/p>\n","protected":false},"author":10,"featured_media":0,"comment_status":"open","ping_status":"closed","sticky":false,"template":"","format":"standard","meta":{"footnotes":""},"categories":[12,50],"tags":[426,430,142],"class_list":["post-368","post","type-post","status-publish","format-standard","hentry","category-presse","category-tipps","tag-datenschutz","tag-google","tag-web-2-0"],"_links":{"self":[{"href":"https:\/\/userblogs.fu-berlin.de\/index.php?rest_route=\/wp\/v2\/posts\/368","targetHints":{"allow":["GET"]}}],"collection":[{"href":"https:\/\/userblogs.fu-berlin.de\/index.php?rest_route=\/wp\/v2\/posts"}],"about":[{"href":"https:\/\/userblogs.fu-berlin.de\/index.php?rest_route=\/wp\/v2\/types\/post"}],"author":[{"embeddable":true,"href":"https:\/\/userblogs.fu-berlin.de\/index.php?rest_route=\/wp\/v2\/users\/10"}],"replies":[{"embeddable":true,"href":"https:\/\/userblogs.fu-berlin.de\/index.php?rest_route=%2Fwp%2Fv2%2Fcomments&post=368"}],"version-history":[{"count":8,"href":"https:\/\/userblogs.fu-berlin.de\/index.php?rest_route=\/wp\/v2\/posts\/368\/revisions"}],"predecessor-version":[{"id":1534,"href":"https:\/\/userblogs.fu-berlin.de\/index.php?rest_route=\/wp\/v2\/posts\/368\/revisions\/1534"}],"wp:attachment":[{"href":"https:\/\/userblogs.fu-berlin.de\/index.php?rest_route=%2Fwp%2Fv2%2Fmedia&parent=368"}],"wp:term":[{"taxonomy":"category","embeddable":true,"href":"https:\/\/userblogs.fu-berlin.de\/index.php?rest_route=%2Fwp%2Fv2%2Fcategories&post=368"},{"taxonomy":"post_tag","embeddable":true,"href":"https:\/\/userblogs.fu-berlin.de\/index.php?rest_route=%2Fwp%2Fv2%2Ftags&post=368"}],"curies":[{"name":"wp","href":"https:\/\/api.w.org\/{rel}","templated":true}]}}