{"id":492,"date":"2011-09-18T11:43:48","date_gmt":"2011-09-18T09:43:48","guid":{"rendered":"https:\/\/userblogs.fu-berlin.de\/?p=492"},"modified":"2019-03-18T14:08:09","modified_gmt":"2019-03-18T13:08:09","slug":"educamp-neue-lernkulturen-entwickeln-und-vernetzen","status":"publish","type":"post","link":"https:\/\/userblogs.fu-berlin.de\/?p=492","title":{"rendered":"EduCamp: Neue Lernkulturen entwickeln und vernetzen"},"content":{"rendered":"<p><img loading=\"lazy\" decoding=\"async\" class=\"alignright\" title=\"EduCamp Bielefeld\" src=\"https:\/\/elearning2null.de\/learnmedia\/ecbi11\/banner_285px-white.png\" alt=\"\" width=\"302\" height=\"103\" \/>Vom 18.11. &#8211; 20.11. treffen sich an diesem Wochenende Lehrende und Lernende im fernen Bielefeld zu einem Educamp. Diskutiert werden soll \u00fcber neue Lernkulturen, deren Entwicklung und Vernetzung. Daheimgebliebene k\u00f6nnen Fragmente der Diskussionen \u00fcber Twitter verfolgen. Hashtag <a href=\"https:\/\/twitter.com\/#!\/search?q=%23ecbi11\" target=\"_blank\">#ecbi11<\/a>.<\/p>\n<blockquote><p>F\u00fcr drei Tage wird das Oberstufen-Kolleg Bielefeld Schauplatz  des Schulforums und EduCamps sein. Mit seiner offenen, einladenden  Architektur, seinen Arbeitsbereichen und Unterrichtsfl\u00e4chen im Gro\u00dfraum  bietet das Oberstufen-Kolleg einen hervorragenden Ort zum Diskutieren,  Austauschen, Referieren und Vernetzen. Das Educamp bietet allen an  schulp\u00e4dagogischen Themen Interessierten die M\u00f6glichkeit, sich intensiv  mit dem Leitthema \u201eNeue Lernkulturen entwickeln und vernetzen\u201c  auseinanderzusetzen. Im Mittelpunkt steht dabei die Frage, wie Schule  und Unterricht gestaltet werden k\u00f6nnen, um bspw. konstruktiv mit der  Heterogenit\u00e4t im Klassenzimmer umzugehen. Dabei geht es um Themen wie  individuelle F\u00f6rderung, innere Differenzierung, offene  Unterrichtsformen, mediengest\u00fctztes Lernen, Sch\u00fcleraktivierung,  kooperatives Lernen und mehr.<br \/>\n(via <a href=\"https:\/\/educamp.mixxt.de\/\" target=\"_blank\">EduCamp<\/a>)<\/p><\/blockquote>\n","protected":false},"excerpt":{"rendered":"<p>Vom 18.11. &#8211; 20.11. treffen sich an diesem Wochenende Lehrende und Lernende im fernen Bielefeld zu einem Educamp. Diskutiert werden soll \u00fcber neue Lernkulturen, deren Entwicklung und Vernetzung. Daheimgebliebene k\u00f6nnen Fragmente der Diskussionen \u00fcber Twitter verfolgen. Hashtag #ecbi11. F\u00fcr drei Tage wird das Oberstufen-Kolleg Bielefeld Schauplatz des Schulforums und EduCamps sein. Mit seiner offenen, einladenden &hellip; <a href=\"https:\/\/userblogs.fu-berlin.de\/?p=492\" class=\"more-link\"><span class=\"screen-reader-text\">\u201eEduCamp: Neue Lernkulturen entwickeln und vernetzen\u201c<\/span> weiterlesen<\/a><\/p>\n","protected":false},"author":10,"featured_media":0,"comment_status":"open","ping_status":"closed","sticky":false,"template":"","format":"standard","meta":{"footnotes":""},"categories":[50,22],"tags":[255],"class_list":["post-492","post","type-post","status-publish","format-standard","hentry","category-tipps","category-veranstaltungen","tag-bildung"],"_links":{"self":[{"href":"https:\/\/userblogs.fu-berlin.de\/index.php?rest_route=\/wp\/v2\/posts\/492","targetHints":{"allow":["GET"]}}],"collection":[{"href":"https:\/\/userblogs.fu-berlin.de\/index.php?rest_route=\/wp\/v2\/posts"}],"about":[{"href":"https:\/\/userblogs.fu-berlin.de\/index.php?rest_route=\/wp\/v2\/types\/post"}],"author":[{"embeddable":true,"href":"https:\/\/userblogs.fu-berlin.de\/index.php?rest_route=\/wp\/v2\/users\/10"}],"replies":[{"embeddable":true,"href":"https:\/\/userblogs.fu-berlin.de\/index.php?rest_route=%2Fwp%2Fv2%2Fcomments&post=492"}],"version-history":[{"count":5,"href":"https:\/\/userblogs.fu-berlin.de\/index.php?rest_route=\/wp\/v2\/posts\/492\/revisions"}],"predecessor-version":[{"id":1569,"href":"https:\/\/userblogs.fu-berlin.de\/index.php?rest_route=\/wp\/v2\/posts\/492\/revisions\/1569"}],"wp:attachment":[{"href":"https:\/\/userblogs.fu-berlin.de\/index.php?rest_route=%2Fwp%2Fv2%2Fmedia&parent=492"}],"wp:term":[{"taxonomy":"category","embeddable":true,"href":"https:\/\/userblogs.fu-berlin.de\/index.php?rest_route=%2Fwp%2Fv2%2Fcategories&post=492"},{"taxonomy":"post_tag","embeddable":true,"href":"https:\/\/userblogs.fu-berlin.de\/index.php?rest_route=%2Fwp%2Fv2%2Ftags&post=492"}],"curies":[{"name":"wp","href":"https:\/\/api.w.org\/{rel}","templated":true}]}}