{"id":66,"date":"2009-09-12T12:13:36","date_gmt":"2009-09-12T10:13:36","guid":{"rendered":"https:\/\/userblogs.fu-berlin.de\/?p=66"},"modified":"2019-03-18T14:10:41","modified_gmt":"2019-03-18T13:10:41","slug":"e-teaching-lehrgang-herbst-2009","status":"publish","type":"post","link":"https:\/\/userblogs.fu-berlin.de\/?p=66","title":{"rendered":"E-Teaching Lehrgang Herbst 2009"},"content":{"rendered":"<p><img loading=\"lazy\" decoding=\"async\" src=\"https:\/\/www.e-learning.fu-berlin.de\/schulungen\/e-teaching\/media\/eTeachingLogo_klein.gif\" alt=\"\" width=\"167\" height=\"34\" align=\"right\">Im Herbst 2009 bietet CeDiS, das Kompetenzzentrum E-Learning\/Multimedia an der FU, erneut das Qualifizierungsprogramm &#8222;E-Teaching&#8220; an, dieses Mal unter dem Motto \u201eHochschullehre gestalten mit Neuen Medien und Web 2.0\u201c. Wie k\u00f6nnen Neue Medien, und vor allem auch die Anwendungen des Web 2.0, die methodischen Zug\u00e4nge zum Lehren und Lernen erweitern und welche neuen M\u00f6glichkeiten der Unterst\u00fctzung individueller und kollaborativer Lernprozesse er\u00f6ffnen sich durch die Nutzung dieser Technologien?<br \/>\nDie berufsbegleitende Qualifizierung beginnt am 1. September 2009 mit einem Workshop zur Einf\u00fchrung in das Thema. In vier weiteren Modulen werden in Schulungen, Workshops und Online-Phasen Einsatzformen, Werkzeuge und deren Handhabung, die Erstellung von digitalem Lernmaterial und Aspekte des Urheberrechts im Kontext digitaler Medien behandelt. Im Rahmen des Lehrgangs entwickeln Sie ein Konzept f\u00fcr den Einsatz von E-Learning in einer eigenen Lehrveranstaltung, das Sie im Wintersemester 2009\/10 in der Lehre umsetzen.<br \/>\nBei erfolgreicher Teilnahme erhalten Sie ein Zertifikat der Freien Universit\u00e4t Berlin.<\/p>\n<p>Wichtige Daten:<\/p>\n<ul>\n<li> Informationsveranstaltung zum Lehrgang am Montag, den 13. Juli 2009, um 16 Uhr im Konferenz- und Schulungsraum von CeDiS<\/li>\n<li> Beginn des Lehrgangs: 1. September 2009<\/li>\n<li> Anmeldeschluss 15. August 2009<\/li>\n<\/ul>\n<p>Ausf\u00fchrliche Informationen zu Programm und Anmeldung finden Sie unter<br \/>\n<a href=\"https:\/\/www.e-learning.fu-berlin.de\/e-teaching\" target=\"_blank\">https:\/\/www.e-learning.fu-berlin.de\/e-teaching<\/a>.<\/p>\n","protected":false},"excerpt":{"rendered":"<p>Im Herbst 2009 bietet CeDiS, das Kompetenzzentrum E-Learning\/Multimedia an der FU, erneut das Qualifizierungsprogramm &#8222;E-Teaching&#8220; an, dieses Mal unter dem Motto \u201eHochschullehre gestalten mit Neuen Medien und Web 2.0\u201c. Wie k\u00f6nnen Neue Medien, und vor allem auch die Anwendungen des Web 2.0, die methodischen Zug\u00e4nge zum Lehren und Lernen erweitern und welche neuen M\u00f6glichkeiten der &hellip; <a href=\"https:\/\/userblogs.fu-berlin.de\/?p=66\" class=\"more-link\"><span class=\"screen-reader-text\">\u201eE-Teaching Lehrgang Herbst 2009\u201c<\/span> weiterlesen<\/a><\/p>\n","protected":false},"author":10,"featured_media":0,"comment_status":"open","ping_status":"closed","sticky":false,"template":"","format":"standard","meta":{"footnotes":""},"categories":[3],"tags":[],"class_list":["post-66","post","type-post","status-publish","format-standard","hentry","category-informationen"],"_links":{"self":[{"href":"https:\/\/userblogs.fu-berlin.de\/index.php?rest_route=\/wp\/v2\/posts\/66","targetHints":{"allow":["GET"]}}],"collection":[{"href":"https:\/\/userblogs.fu-berlin.de\/index.php?rest_route=\/wp\/v2\/posts"}],"about":[{"href":"https:\/\/userblogs.fu-berlin.de\/index.php?rest_route=\/wp\/v2\/types\/post"}],"author":[{"embeddable":true,"href":"https:\/\/userblogs.fu-berlin.de\/index.php?rest_route=\/wp\/v2\/users\/10"}],"replies":[{"embeddable":true,"href":"https:\/\/userblogs.fu-berlin.de\/index.php?rest_route=%2Fwp%2Fv2%2Fcomments&post=66"}],"version-history":[{"count":14,"href":"https:\/\/userblogs.fu-berlin.de\/index.php?rest_route=\/wp\/v2\/posts\/66\/revisions"}],"predecessor-version":[{"id":1572,"href":"https:\/\/userblogs.fu-berlin.de\/index.php?rest_route=\/wp\/v2\/posts\/66\/revisions\/1572"}],"wp:attachment":[{"href":"https:\/\/userblogs.fu-berlin.de\/index.php?rest_route=%2Fwp%2Fv2%2Fmedia&parent=66"}],"wp:term":[{"taxonomy":"category","embeddable":true,"href":"https:\/\/userblogs.fu-berlin.de\/index.php?rest_route=%2Fwp%2Fv2%2Fcategories&post=66"},{"taxonomy":"post_tag","embeddable":true,"href":"https:\/\/userblogs.fu-berlin.de\/index.php?rest_route=%2Fwp%2Fv2%2Ftags&post=66"}],"curies":[{"name":"wp","href":"https:\/\/api.w.org\/{rel}","templated":true}]}}