{"id":71,"date":"2009-09-14T19:14:22","date_gmt":"2009-09-14T17:14:22","guid":{"rendered":"https:\/\/userblogs.fu-berlin.de\/?p=71"},"modified":"2019-03-18T14:06:11","modified_gmt":"2019-03-18T13:06:11","slug":"e-learning-eine-zwischenbilanz","status":"publish","type":"post","link":"https:\/\/userblogs.fu-berlin.de\/?p=71","title":{"rendered":"E-Learning: Eine Zwischenbilanz"},"content":{"rendered":"<div class=\"entry\">\n<div>\n<p>Band Nr. 50 der\u00a0 Reihe\u00a0<span><span> \u201cMedien in der Wissenschaft\u201d, die die GMW beim Waxmann Verlag herausgibt, ist erschienen und bietet eine umfassende Zwischenbilanz zu den vier Themen \u00f6ffentliche F\u00f6rderung, Didaktik vs. Technik, Anwendersicht und Hochschulentwicklung. Neben Forschern, Entwicklern, Anwendern und Lehrenden kommen auch Studierende zu Wort und zeichnen ein kritisches Bild der aktuellen E-Learning Landschaft.<br \/>\n<\/span><\/span><\/p>\n<blockquote><p>Nach mehreren F\u00f6rderprogrammen auf Ebene des Bundes und einiger L\u00e4nder sowie nach 40 Jahren Bildungstechnologie, wird in diesem Buch kritisch hinterfragt, was an nachhaltigen Projekten, konkreten Materialien, Werkzeugen und Konzepten f\u00fcr praktizierende Lehrende eigentlich vorgewiesen werden kann. Eine Zwischenbilanz stellt sich \u2013 wie in den verschiedenen Beitr\u00e4gen dieses Buches deutlich wird \u2013 aus Sicht der Forscher, Entwickler, Anwender, Lehrenden, Studierenden und Evaluatoren durchaus unterschiedlich dar: W\u00e4hrend die engere E-Learning-Community sich \u00fcber neue Tools freut sowie eifrig neue Nutzungsszenarien entwirft und erprobt, scheinen einige Anwender eher \u00fcberfordert von st\u00e4ndig neuen Entwicklungen und damit auch Anforderungen an ihr pers\u00f6nliches Zeit- und Geldbudget. Vor diesem Hintergrund ergibt sich die Notwendigkeit dieser vorliegenden Zwischenbilanz, um Fehlschl\u00e4ge und Fehlentwicklungen als solche zu benennen und zuk\u00fcnftig aus Fehlern zu lernen.<br \/>\n(Quelle: Waxmann Verlag)<\/p><\/blockquote>\n<p>Auch und vor allem als PDF-Datei downloadbar: <a href=\"https:\/\/www.waxmann.com\/kat\/inhalt\/2172Volltext.pdf\">E-Learning: Eine Zwischenbilanz<\/a><\/div>\n<\/div>\n","protected":false},"excerpt":{"rendered":"<p>Band Nr. 50 der\u00a0 Reihe\u00a0 \u201cMedien in der Wissenschaft\u201d, die die GMW beim Waxmann Verlag herausgibt, ist erschienen und bietet eine umfassende Zwischenbilanz zu den vier Themen \u00f6ffentliche F\u00f6rderung, Didaktik vs. Technik, Anwendersicht und Hochschulentwicklung. Neben Forschern, Entwicklern, Anwendern und Lehrenden kommen auch Studierende zu Wort und zeichnen ein kritisches Bild der aktuellen E-Learning Landschaft. &hellip; <a href=\"https:\/\/userblogs.fu-berlin.de\/?p=71\" class=\"more-link\"><span class=\"screen-reader-text\">\u201eE-Learning: Eine Zwischenbilanz\u201c<\/span> weiterlesen<\/a><\/p>\n","protected":false},"author":10,"featured_media":0,"comment_status":"open","ping_status":"closed","sticky":false,"template":"","format":"standard","meta":{"footnotes":""},"categories":[10],"tags":[],"class_list":["post-71","post","type-post","status-publish","format-standard","hentry","category-veroffentlichungen"],"_links":{"self":[{"href":"https:\/\/userblogs.fu-berlin.de\/index.php?rest_route=\/wp\/v2\/posts\/71","targetHints":{"allow":["GET"]}}],"collection":[{"href":"https:\/\/userblogs.fu-berlin.de\/index.php?rest_route=\/wp\/v2\/posts"}],"about":[{"href":"https:\/\/userblogs.fu-berlin.de\/index.php?rest_route=\/wp\/v2\/types\/post"}],"author":[{"embeddable":true,"href":"https:\/\/userblogs.fu-berlin.de\/index.php?rest_route=\/wp\/v2\/users\/10"}],"replies":[{"embeddable":true,"href":"https:\/\/userblogs.fu-berlin.de\/index.php?rest_route=%2Fwp%2Fv2%2Fcomments&post=71"}],"version-history":[{"count":10,"href":"https:\/\/userblogs.fu-berlin.de\/index.php?rest_route=\/wp\/v2\/posts\/71\/revisions"}],"predecessor-version":[{"id":1566,"href":"https:\/\/userblogs.fu-berlin.de\/index.php?rest_route=\/wp\/v2\/posts\/71\/revisions\/1566"}],"wp:attachment":[{"href":"https:\/\/userblogs.fu-berlin.de\/index.php?rest_route=%2Fwp%2Fv2%2Fmedia&parent=71"}],"wp:term":[{"taxonomy":"category","embeddable":true,"href":"https:\/\/userblogs.fu-berlin.de\/index.php?rest_route=%2Fwp%2Fv2%2Fcategories&post=71"},{"taxonomy":"post_tag","embeddable":true,"href":"https:\/\/userblogs.fu-berlin.de\/index.php?rest_route=%2Fwp%2Fv2%2Ftags&post=71"}],"curies":[{"name":"wp","href":"https:\/\/api.w.org\/{rel}","templated":true}]}}