{"id":85,"date":"2009-09-13T13:15:15","date_gmt":"2009-09-13T11:15:15","guid":{"rendered":"https:\/\/userblogs.fu-berlin.de\/?p=85"},"modified":"2019-03-18T14:03:48","modified_gmt":"2019-03-18T13:03:48","slug":"e-learning-2009-fachkonferenz-an-der-freien-universitat-berlin","status":"publish","type":"post","link":"https:\/\/userblogs.fu-berlin.de\/?p=85","title":{"rendered":"E-Learning 2009 &#8211; Fachkonferenz an der Freien Universit\u00e4t Berlin"},"content":{"rendered":"<p>Unter dem gemeinsamen Konferenztitel <a title=\"E-Learning 2009\" href=\"https:\/\/www.e-learning2009.de\/index.html\" target=\"_blank\">\u201eE-Learning 2009 &#8211; Lernen im Digitalen Zeitalter\u201c<\/a> findet vom 14. bis 17. September 2009 an der Freien Universit\u00e4t Berlin die <a title=\"GMW09\" href=\"https:\/\/www.e-learning2009.de\/gmw\/index.html\" target=\"_blank\">14. europ\u00e4ische Jahrestagung der Gesellschaft f\u00fcr Medien in der Wissenschaft (GMW09)<\/a>, die <a title=\"DeLFI 2009\" href=\"https:\/\/www.e-learning2009.de\/delfi\/index.html\" target=\"_blank\">7. e-Learning Fachtagung Informatik der Gesellschaft f\u00fcr Informatik (DeLFI 2009)<\/a> und zum zehnten Mal der Wettbewerb um sowie die Verleihung des <a title=\"Medida-Prix 2009\" href=\"https:\/\/www.e-learning2009.de\/medida-prix\/index.html\" target=\"_blank\">mediendidaktischen Hochschulpreises Medida-Prix 2009<\/a> statt. Die Teilnehmerinnen und Teilnehmer der gr\u00f6\u00dften wissenschaftlichen E-Learning-Fachtagung im deutschsprachigen Raum erwarten mehr als 90 Vortr\u00e4ge \u00fcber die didaktischen und technologischen Aspekte des E-Learning. Zu den Key-Note Speakern geh\u00f6rt beispielsweise Michail Bletsas vom Massachusetts Institut of Technology (MIT), der das One-Laptop-Per-Child (OLPC) Projekt pr\u00e4sentieren wird.<\/p>\n<p style=\"text-align: left\"><a href=\"https:\/\/www.e-learning2009.de\/index.html\" target=\"_blank\">Weitere Informationen zur Konferenz &#8222;E-Learning 2009&#8220; \u00bb<\/a><\/p>\n<p style=\"text-align: left\"><a href=\"https:\/\/www.e-learning2009.de\/index.html\" target=\"_blank\"><img loading=\"lazy\" decoding=\"async\" class=\"alignleft\" src=\"https:\/\/www.e-learning2009.de\/media\/logo_gmw_startseite.gif\" alt=\"\" width=\"112\" height=\"57\" \/><\/a><a href=\"https:\/\/www.e-learning2009.de\/index.html\" target=\"_blank\"><img loading=\"lazy\" decoding=\"async\" class=\"alignleft\" src=\"https:\/\/www.e-learning2009.de\/media\/logo_delfi_startseite.gif\" alt=\"\" width=\"112\" height=\"57\" \/><\/a><a href=\"https:\/\/www.e-learning2009.de\/index.html\" target=\"_blank\"><img loading=\"lazy\" decoding=\"async\" class=\"alignleft\" src=\"https:\/\/www.e-learning2009.de\/media\/logo_medida_startseite.gif\" alt=\"\" width=\"112\" height=\"57\" \/><\/a><\/p>\n","protected":false},"excerpt":{"rendered":"<p>Unter dem gemeinsamen Konferenztitel \u201eE-Learning 2009 &#8211; Lernen im Digitalen Zeitalter\u201c findet vom 14. bis 17. September 2009 an der Freien Universit\u00e4t Berlin die 14. europ\u00e4ische Jahrestagung der Gesellschaft f\u00fcr Medien in der Wissenschaft (GMW09), die 7. e-Learning Fachtagung Informatik der Gesellschaft f\u00fcr Informatik (DeLFI 2009) und zum zehnten Mal der Wettbewerb um sowie die &hellip; <a href=\"https:\/\/userblogs.fu-berlin.de\/?p=85\" class=\"more-link\"><span class=\"screen-reader-text\">\u201eE-Learning 2009 &#8211; Fachkonferenz an der Freien Universit\u00e4t Berlin\u201c<\/span> weiterlesen<\/a><\/p>\n","protected":false},"author":10,"featured_media":0,"comment_status":"open","ping_status":"closed","sticky":false,"template":"","format":"standard","meta":{"footnotes":""},"categories":[11,22],"tags":[],"class_list":["post-85","post","type-post","status-publish","format-standard","hentry","category-ankundigungen","category-veranstaltungen"],"_links":{"self":[{"href":"https:\/\/userblogs.fu-berlin.de\/index.php?rest_route=\/wp\/v2\/posts\/85","targetHints":{"allow":["GET"]}}],"collection":[{"href":"https:\/\/userblogs.fu-berlin.de\/index.php?rest_route=\/wp\/v2\/posts"}],"about":[{"href":"https:\/\/userblogs.fu-berlin.de\/index.php?rest_route=\/wp\/v2\/types\/post"}],"author":[{"embeddable":true,"href":"https:\/\/userblogs.fu-berlin.de\/index.php?rest_route=\/wp\/v2\/users\/10"}],"replies":[{"embeddable":true,"href":"https:\/\/userblogs.fu-berlin.de\/index.php?rest_route=%2Fwp%2Fv2%2Fcomments&post=85"}],"version-history":[{"count":11,"href":"https:\/\/userblogs.fu-berlin.de\/index.php?rest_route=\/wp\/v2\/posts\/85\/revisions"}],"predecessor-version":[{"id":1563,"href":"https:\/\/userblogs.fu-berlin.de\/index.php?rest_route=\/wp\/v2\/posts\/85\/revisions\/1563"}],"wp:attachment":[{"href":"https:\/\/userblogs.fu-berlin.de\/index.php?rest_route=%2Fwp%2Fv2%2Fmedia&parent=85"}],"wp:term":[{"taxonomy":"category","embeddable":true,"href":"https:\/\/userblogs.fu-berlin.de\/index.php?rest_route=%2Fwp%2Fv2%2Fcategories&post=85"},{"taxonomy":"post_tag","embeddable":true,"href":"https:\/\/userblogs.fu-berlin.de\/index.php?rest_route=%2Fwp%2Fv2%2Ftags&post=85"}],"curies":[{"name":"wp","href":"https:\/\/api.w.org\/{rel}","templated":true}]}}