{"id":89,"date":"2009-09-24T11:10:47","date_gmt":"2009-09-24T09:10:47","guid":{"rendered":"https:\/\/userblogs.fu-berlin.de\/?p=89"},"modified":"2019-03-18T14:47:15","modified_gmt":"2019-03-18T13:47:15","slug":"podcast-rechtsfragen-im-internet-und-web-20","status":"publish","type":"post","link":"https:\/\/userblogs.fu-berlin.de\/?p=89","title":{"rendered":"Podcast: Rechtsfragen im Internet und Web 2.0"},"content":{"rendered":"<p>Bei der Nutzung von Internet und Web 2.0 ergibt sich eine Vielzahl von Rechtsfragen. Der Rechtexperte <a href=\"https:\/\/www.ie-online.de\/kreutzer.htm\" target=\"_blank\">Till Kreutzer<\/a> gibt anhand praktischer Beispiele einen \u00dcberblick \u00fcber einige ausgew\u00e4hlte Rechtsfragen im Web und Web 2.0 . Dies dient zun\u00e4chst der Orientierung und vermittelt dar\u00fcberhinaus einen Eindruck f\u00fcr einige der wesentlichen Rechtsfragen, die bei der Nutzung des Web zu beachten sind:<\/p>\n<ul>\n<li>D\u00fcrfen fremde Inhalte auf die eigene Webseite gestellt werden?<\/li>\n<li>Ist die Nutzung von Tauschb\u00f6rsen, sind Downloads von Musik aus dem Internet erlaubt?<\/li>\n<li>D\u00fcrfen Personenabbildungen auf Plattformen eingestellt werden und was ist hierbei zu beachten?<\/li>\n<li>Was muss ich im Umgang mit (vor allem meinen eigenen) personenbezogenen Daten im Web 2.0 ber\u00fccksichtigen?<\/li>\n<\/ul>\n<p><a href=\"https:\/\/www.podcampus.de\/node\/2042\" target=\"_blank\">podcampus<\/a> hat den sehr interessanten Vortrag an der Universit\u00e4t Hamburg bereitgestellt.<\/p>\n","protected":false},"excerpt":{"rendered":"<p>Bei der Nutzung von Internet und Web 2.0 ergibt sich eine Vielzahl von Rechtsfragen. Der Rechtexperte Till Kreutzer gibt anhand praktischer Beispiele einen \u00dcberblick \u00fcber einige ausgew\u00e4hlte Rechtsfragen im Web und Web 2.0 . Dies dient zun\u00e4chst der Orientierung und vermittelt dar\u00fcberhinaus einen Eindruck f\u00fcr einige der wesentlichen Rechtsfragen, die bei der Nutzung des Web &hellip; <a href=\"https:\/\/userblogs.fu-berlin.de\/?p=89\" class=\"more-link\"><span class=\"screen-reader-text\">\u201ePodcast: Rechtsfragen im Internet und Web 2.0\u201c<\/span> weiterlesen<\/a><\/p>\n","protected":false},"author":10,"featured_media":0,"comment_status":"open","ping_status":"closed","sticky":false,"template":"","format":"standard","meta":{"footnotes":""},"categories":[22],"tags":[],"class_list":["post-89","post","type-post","status-publish","format-standard","hentry","category-veranstaltungen"],"_links":{"self":[{"href":"https:\/\/userblogs.fu-berlin.de\/index.php?rest_route=\/wp\/v2\/posts\/89","targetHints":{"allow":["GET"]}}],"collection":[{"href":"https:\/\/userblogs.fu-berlin.de\/index.php?rest_route=\/wp\/v2\/posts"}],"about":[{"href":"https:\/\/userblogs.fu-berlin.de\/index.php?rest_route=\/wp\/v2\/types\/post"}],"author":[{"embeddable":true,"href":"https:\/\/userblogs.fu-berlin.de\/index.php?rest_route=\/wp\/v2\/users\/10"}],"replies":[{"embeddable":true,"href":"https:\/\/userblogs.fu-berlin.de\/index.php?rest_route=%2Fwp%2Fv2%2Fcomments&post=89"}],"version-history":[{"count":11,"href":"https:\/\/userblogs.fu-berlin.de\/index.php?rest_route=\/wp\/v2\/posts\/89\/revisions"}],"predecessor-version":[{"id":1597,"href":"https:\/\/userblogs.fu-berlin.de\/index.php?rest_route=\/wp\/v2\/posts\/89\/revisions\/1597"}],"wp:attachment":[{"href":"https:\/\/userblogs.fu-berlin.de\/index.php?rest_route=%2Fwp%2Fv2%2Fmedia&parent=89"}],"wp:term":[{"taxonomy":"category","embeddable":true,"href":"https:\/\/userblogs.fu-berlin.de\/index.php?rest_route=%2Fwp%2Fv2%2Fcategories&post=89"},{"taxonomy":"post_tag","embeddable":true,"href":"https:\/\/userblogs.fu-berlin.de\/index.php?rest_route=%2Fwp%2Fv2%2Ftags&post=89"}],"curies":[{"name":"wp","href":"https:\/\/api.w.org\/{rel}","templated":true}]}}