{"id":976,"date":"2018-09-14T09:16:16","date_gmt":"2018-09-14T07:16:16","guid":{"rendered":"https:\/\/userblogs.fu-berlin.de\/?p=976"},"modified":"2019-03-18T12:39:56","modified_gmt":"2019-03-18T11:39:56","slug":"warnstreik-der-studentischen-beschaeftigten","status":"publish","type":"post","link":"https:\/\/userblogs.fu-berlin.de\/?p=976","title":{"rendered":"Warnstreik der Studentischen Besch\u00e4ftigten"},"content":{"rendered":"<p>Die Gewerkschaften ver.di und GEW Berlin haben die studentischen Besch\u00e4ftigten der Hochschulen ab Montag, dem 14.05.2018 zum einw\u00f6chigen Warnstreik aufgerufen.<br \/>\nDaher kann es bei der Beantwortung Ihrer Support-Anfragen zwischen 14.05.2018 und 18.05.2018 zu Verz\u00f6gerungen sowie zu Einschr\u00e4nkungen bei der telefonischen Erreichbarkeit kommen.<\/p>\n<p>Wir bitten um Verst\u00e4ndnis.<\/p>\n","protected":false},"excerpt":{"rendered":"<p>Die Gewerkschaften ver.di und GEW Berlin haben die studentischen Besch\u00e4ftigten der Hochschulen ab Montag, dem 14.05.2018 zum einw\u00f6chigen Warnstreik aufgerufen. Daher kann es bei der Beantwortung Ihrer Support-Anfragen zwischen 14.05.2018 und 18.05.2018 zu Verz\u00f6gerungen sowie zu Einschr\u00e4nkungen bei der telefonischen Erreichbarkeit kommen. Wir bitten um Verst\u00e4ndnis.<\/p>\n","protected":false},"author":10,"featured_media":0,"comment_status":"open","ping_status":"closed","sticky":false,"template":"","format":"standard","meta":{"footnotes":""},"categories":[11,452],"tags":[],"class_list":["post-976","post","type-post","status-publish","format-standard","hentry","category-ankundigungen","category-blog"],"_links":{"self":[{"href":"https:\/\/userblogs.fu-berlin.de\/index.php?rest_route=\/wp\/v2\/posts\/976","targetHints":{"allow":["GET"]}}],"collection":[{"href":"https:\/\/userblogs.fu-berlin.de\/index.php?rest_route=\/wp\/v2\/posts"}],"about":[{"href":"https:\/\/userblogs.fu-berlin.de\/index.php?rest_route=\/wp\/v2\/types\/post"}],"author":[{"embeddable":true,"href":"https:\/\/userblogs.fu-berlin.de\/index.php?rest_route=\/wp\/v2\/users\/10"}],"replies":[{"embeddable":true,"href":"https:\/\/userblogs.fu-berlin.de\/index.php?rest_route=%2Fwp%2Fv2%2Fcomments&post=976"}],"version-history":[{"count":3,"href":"https:\/\/userblogs.fu-berlin.de\/index.php?rest_route=\/wp\/v2\/posts\/976\/revisions"}],"predecessor-version":[{"id":1512,"href":"https:\/\/userblogs.fu-berlin.de\/index.php?rest_route=\/wp\/v2\/posts\/976\/revisions\/1512"}],"wp:attachment":[{"href":"https:\/\/userblogs.fu-berlin.de\/index.php?rest_route=%2Fwp%2Fv2%2Fmedia&parent=976"}],"wp:term":[{"taxonomy":"category","embeddable":true,"href":"https:\/\/userblogs.fu-berlin.de\/index.php?rest_route=%2Fwp%2Fv2%2Fcategories&post=976"},{"taxonomy":"post_tag","embeddable":true,"href":"https:\/\/userblogs.fu-berlin.de\/index.php?rest_route=%2Fwp%2Fv2%2Ftags&post=976"}],"curies":[{"name":"wp","href":"https:\/\/api.w.org\/{rel}","templated":true}]}}