{"id":99,"date":"2009-09-05T14:39:13","date_gmt":"2009-09-05T12:39:13","guid":{"rendered":"https:\/\/userblogs.fu-berlin.de\/?p=99"},"modified":"2019-03-18T14:08:53","modified_gmt":"2019-03-18T13:08:53","slug":"educamps-graz-und-hamburg","status":"publish","type":"post","link":"https:\/\/userblogs.fu-berlin.de\/?p=99","title":{"rendered":"EduCamps Graz und Hamburg"},"content":{"rendered":"<p><img decoding=\"async\" src=\"https:\/\/blogs.fu-berlin.de\/files\/2009\/11\/educamp.jpg\" alt=\"educamp\" align=\"right\" \/>Vom 6.-7. November 2009 findet das EduCamp in Graz statt. Durchgef\u00fchrt wird es von der <a href=\"https:\/\/www.iunig.at\/\" target=\"_blank\">Interuniversit\u00e4ren Initiative f\u00fcr Neue Medien Graz<\/a>.\u00a0 Um die Entwicklung der Web-2.0-Technologien im Bildungsbereich umfassend diskutieren zu k\u00f6nnen, werden in Barcamp-Manier rund um das Thema &#8222;Lernende von morgen &#8211; Informationsjunkies?&#8220; Vortr\u00e4ge gestaltet. Dabei geht es vor allem um die Frage, was passiert, wenn die heutige Jugend, aufgewachsen in Sozialen Netzwerken, ausgestattet mit hochleistungsf\u00e4higen Endger\u00e4ten und breitem Wissen \u00fcber Web-Anwendungen und Programmiertechnologie, Schule und Universit\u00e4ten bev\u00f6lkert. \u00dcber die Plattform mixxt (<a href=\"https:\/\/educamp.mixxt.de\/\" target=\"_blank\">https:\/\/educamp.mixxt.de\/<\/a>) kann man sich kostenlos anmelden, mit anderen Teilnehmern und Interessenten diskutieren, Materialien austauschen und Kontakte kn\u00fcpfen.<br \/>\n\u00dcber den Twitteraccount von Martin Ebner (<a href=\"https:\/\/twitter.com\/mebner\" target=\"_blank\">https:\/\/twitter.com\/mebner<\/a>) gibt es updates zum Planungsstand des Grazer EduCamps sowie zu den flankierenden Online Round Tables.<\/p>\n<blockquote><p>Das kommende Hamburger EduCamp wird am Fachbereich Erziehungswissenschaft der Universit\u00e4t Hamburg stattfinden. Damit soll neben dem Lehrbetrieb auch im Rahmen des EduCamps ein Raum entstehen, um aktuelle p\u00e4dagogische Fragestellungen zu diskutieren und zu bearbeiten. Wir m\u00f6chten explizit auch Interessierte zur Teilnahme einladen, die sich bisher vielleicht (noch) nicht so intensiv mit dem Thema Medien &amp; Bildung bzw. mit Bildung und Lernen im Web 2.0 auseinander gesetzt haben. Wir freuen uns daher \u00fcber Themenvorschl\u00e4ge und Sessions zu Fragen der Mediendidaktik, Web 2.0, Lernen \u2013 Bildung \u2013 Wissenschaft im Netz, Workshops zum Einsatz digitaler Werkzeuge in Lehr- und Lernprozessen etc. aber auch \u00fcber Ideen, die sich mit eher klassischen Fragen des Lehrens und Lernens auseinandersetzen, auch jenseits von Wikis, Blogs, Twitter &amp; Co.<br \/>\n(Quelle: <a href=\"https:\/\/blogs.epb.uni-hamburg.de\/educamp\/\" target=\"_blank\">EduCamp Hamburg<\/a>)<\/p><\/blockquote>\n","protected":false},"excerpt":{"rendered":"<p>Vom 6.-7. November 2009 findet das EduCamp in Graz statt. Durchgef\u00fchrt wird es von der Interuniversit\u00e4ren Initiative f\u00fcr Neue Medien Graz.\u00a0 Um die Entwicklung der Web-2.0-Technologien im Bildungsbereich umfassend diskutieren zu k\u00f6nnen, werden in Barcamp-Manier rund um das Thema &#8222;Lernende von morgen &#8211; Informationsjunkies?&#8220; Vortr\u00e4ge gestaltet. Dabei geht es vor allem um die Frage, was &hellip; <a href=\"https:\/\/userblogs.fu-berlin.de\/?p=99\" class=\"more-link\"><span class=\"screen-reader-text\">\u201eEduCamps Graz und Hamburg\u201c<\/span> weiterlesen<\/a><\/p>\n","protected":false},"author":10,"featured_media":0,"comment_status":"open","ping_status":"closed","sticky":false,"template":"","format":"standard","meta":{"footnotes":""},"categories":[11,22],"tags":[],"class_list":["post-99","post","type-post","status-publish","format-standard","hentry","category-ankundigungen","category-veranstaltungen"],"_links":{"self":[{"href":"https:\/\/userblogs.fu-berlin.de\/index.php?rest_route=\/wp\/v2\/posts\/99","targetHints":{"allow":["GET"]}}],"collection":[{"href":"https:\/\/userblogs.fu-berlin.de\/index.php?rest_route=\/wp\/v2\/posts"}],"about":[{"href":"https:\/\/userblogs.fu-berlin.de\/index.php?rest_route=\/wp\/v2\/types\/post"}],"author":[{"embeddable":true,"href":"https:\/\/userblogs.fu-berlin.de\/index.php?rest_route=\/wp\/v2\/users\/10"}],"replies":[{"embeddable":true,"href":"https:\/\/userblogs.fu-berlin.de\/index.php?rest_route=%2Fwp%2Fv2%2Fcomments&post=99"}],"version-history":[{"count":6,"href":"https:\/\/userblogs.fu-berlin.de\/index.php?rest_route=\/wp\/v2\/posts\/99\/revisions"}],"predecessor-version":[{"id":1570,"href":"https:\/\/userblogs.fu-berlin.de\/index.php?rest_route=\/wp\/v2\/posts\/99\/revisions\/1570"}],"wp:attachment":[{"href":"https:\/\/userblogs.fu-berlin.de\/index.php?rest_route=%2Fwp%2Fv2%2Fmedia&parent=99"}],"wp:term":[{"taxonomy":"category","embeddable":true,"href":"https:\/\/userblogs.fu-berlin.de\/index.php?rest_route=%2Fwp%2Fv2%2Fcategories&post=99"},{"taxonomy":"post_tag","embeddable":true,"href":"https:\/\/userblogs.fu-berlin.de\/index.php?rest_route=%2Fwp%2Fv2%2Ftags&post=99"}],"curies":[{"name":"wp","href":"https:\/\/api.w.org\/{rel}","templated":true}]}}