{"id":423,"date":"2024-04-08T15:25:34","date_gmt":"2024-04-08T13:25:34","guid":{"rendered":"https:\/\/userblogs.fu-berlin.de\/master_biwi\/?p=423"},"modified":"2024-04-08T15:25:34","modified_gmt":"2024-04-08T13:25:34","slug":"mein-erstes-mastersemester","status":"publish","type":"post","link":"https:\/\/userblogs.fu-berlin.de\/master_biwi\/2024\/04\/08\/mein-erstes-mastersemester\/","title":{"rendered":"Mein erstes Mastersemester"},"content":{"rendered":"\n<h4 class=\"has-text-align-right wp-block-heading\">(Ein Beitrag von Anne Besmer)<\/h4>\n\n\n\n<p>Das erste Mastersemester ist rum &#8211; halleluja!<br>Jetzt, wo ich es mir in den Ferien so richtig gut gehen lasse, wei\u00df ich gar nicht mehr, wie ich es geschafft habe, w\u00e4hrend der Vorlesungszeit nicht durchzudrehen und so gelassen zu sein. Gehen wir mal ein paar Monate zur\u00fcck\u2026<\/p>\n\n\n\n<p>Es ist Anfang August 2023 und ich befinde mich noch immer im Bachelor Bildungs- und Erziehungswissenschaften. Ich habe zuvor wochenlang gegr\u00fcbelt, wie es nun f\u00fcr mich weitergehen soll. Ich bin 30 Jahre alt und kann doch jetzt nicht noch ein ganzes Jahr l\u00e4nger studieren und dann erst mit dem Master beginnen. Oder doch? Ne, komm, ich schreibe die Bachelorarbeit noch schnell in den Semesterferien und das mit dem Praktikumsbericht kriege ich doch auch noch irgendwie hin. Nein, nein, NEIN! Ich kann das nicht. Ich schaffe das nicht. Egal, ich lasse die Bewerbungsfristen sausen und mache l\u00e4nger. Doch dann erfahre ich im September vom Losverfahren f\u00fcr den Master Bildungswissenschaft. Die Impulsivit\u00e4t kickt: beworben, angenommen, Fachstudienwechsel. Okay, jetzt MUSS ich wirklich fertig werden, ich habe bis Ende M\u00e4rz Zeit. Was hab\u2019 ich mir nur dabei gedacht, meinen Bachelor zu beenden und parallel das erste Semester des Masters zu studieren?<\/p>\n\n\n\n<p>R\u00fcckblickend hatte ich echt Respekt vor dem Arbeitsaufwand. Das erste Mastersemester ist hinsichtlich der Veranstaltungen und Hausaufgaben das vollste. Es gab zehn Lehrveranstaltungen pro Woche, viele davon mit Anwesenheitspflicht. Zu jeder Woche mussten im Rahmen der Seminare Texte gelesen oder Arbeitsschritte vorgestellt werden. Wir durften, wie schon im Bachelor, eigenst\u00e4ndig qualitativ forschen. Am meisten Spa\u00df hatte ich an den Veranstaltungen zu quantitativen Methoden. Die Vorfreude auf den Vertiefungsbereich im Sommersemester ist gro\u00df!<br>Tja, und parallel lief noch mein Bachelorabschluss. Ich hatte quasi keine Weihnachtsferien, da ich mit dem Schreiben der Bachelorarbeit beginnen musste \u2014 Abgabe war ja schon Ende Januar! Gleichzeitig musste ich mich um das Beenden des Praktikumsmoduls k\u00fcmmern und auch daf\u00fcr noch den Bericht schreiben. Ich hatte noch nie so viele Aufgaben gleichzeitig neben meiner Arbeit und meinem Privatleben. Aber ich habe alles geschafft. Mitte M\u00e4rz halte ich endlich meine Bachelorurkunde in den H\u00e4nden.<\/p>\n\n\n\n<p>Gl\u00fccklicherweise ist es mir in dem Semester erstaunlich gut ergangen. Ich liebe Organisation und aufgrund der Doppelbelastung musste ich meinen Alltag gut durchstrukturieren. Diese Struktur gab mir in diesem Semester auch sehr viel Halt und Zufriedenheit. Auch meine M\u00e4delsgruppe aus der Uni hat mir jede Woche den Unialltag vers\u00fc\u00dft. Trotzdem h\u00e4tte ich gern noch etwas mehr Zeit f\u00fcr die Bachelorarbeit gehabt. Aber am Ende z\u00e4hlt eh die Masternote. Und um dieses Ziel zu erreichen, habe ich schon ein Viertel des Weges geschafft.<\/p>\n\n\n\n<p>Aufgrund der zweisemestrigen Module habe ich dieses Semester zum Gl\u00fcck keine Pr\u00fcfungsleistungen, die kann man sich n\u00e4mlich legen, wie man m\u00f6chte. Die n\u00e4chsten Semester werden entspannter, da habe ich genug Zeit f\u00fcr meine Hausarbeiten. Nach dieser Hammer-Vorlesungszeit brauche ich eine lange, lange Pause. Und genug Raum, um mich an meinem ersten akademischen Abschluss zu erfreuen. Damals h\u00e4tte ich nie gedacht, dass ich mal studiere. Als Mensch mit ADHS, chronischer Erkrankung und als Careleaver h\u00e4tte ich mir das niemals vorstellen k\u00f6nnen. Und jetzt bin ich schon so weit gekommen! Ich bin so dankbar f\u00fcr das alles. Deshalb genie\u00dfe ich auch jedes Semester an der Uni so gut es nur geht.<\/p>\n","protected":false},"excerpt":{"rendered":"<p>(Ein Beitrag von Anne Besmer) Das erste Mastersemester ist rum &#8211; halleluja!Jetzt, wo ich es mir in den Ferien so richtig gut gehen lasse, wei\u00df ich gar nicht mehr, wie ich es geschafft habe, w\u00e4hrend der Vorlesungszeit nicht durchzudrehen und so gelassen zu sein. Gehen wir mal ein paar Monate zur\u00fcck\u2026 Es ist Anfang August &hellip; <a href=\"https:\/\/userblogs.fu-berlin.de\/master_biwi\/2024\/04\/08\/mein-erstes-mastersemester\/\" class=\"more-link\"><span class=\"screen-reader-text\">Mein erstes Mastersemester<\/span> weiterlesen<\/a><\/p>\n","protected":false},"author":6168,"featured_media":0,"comment_status":"closed","ping_status":"closed","sticky":false,"template":"","format":"standard","meta":{"footnotes":""},"categories":[91],"tags":[],"class_list":["post-423","post","type-post","status-publish","format-standard","hentry","category-allgemein"],"_links":{"self":[{"href":"https:\/\/userblogs.fu-berlin.de\/master_biwi\/wp-json\/wp\/v2\/posts\/423","targetHints":{"allow":["GET"]}}],"collection":[{"href":"https:\/\/userblogs.fu-berlin.de\/master_biwi\/wp-json\/wp\/v2\/posts"}],"about":[{"href":"https:\/\/userblogs.fu-berlin.de\/master_biwi\/wp-json\/wp\/v2\/types\/post"}],"author":[{"embeddable":true,"href":"https:\/\/userblogs.fu-berlin.de\/master_biwi\/wp-json\/wp\/v2\/users\/6168"}],"replies":[{"embeddable":true,"href":"https:\/\/userblogs.fu-berlin.de\/master_biwi\/wp-json\/wp\/v2\/comments?post=423"}],"version-history":[{"count":2,"href":"https:\/\/userblogs.fu-berlin.de\/master_biwi\/wp-json\/wp\/v2\/posts\/423\/revisions"}],"predecessor-version":[{"id":425,"href":"https:\/\/userblogs.fu-berlin.de\/master_biwi\/wp-json\/wp\/v2\/posts\/423\/revisions\/425"}],"wp:attachment":[{"href":"https:\/\/userblogs.fu-berlin.de\/master_biwi\/wp-json\/wp\/v2\/media?parent=423"}],"wp:term":[{"taxonomy":"category","embeddable":true,"href":"https:\/\/userblogs.fu-berlin.de\/master_biwi\/wp-json\/wp\/v2\/categories?post=423"},{"taxonomy":"post_tag","embeddable":true,"href":"https:\/\/userblogs.fu-berlin.de\/master_biwi\/wp-json\/wp\/v2\/tags?post=423"}],"curies":[{"name":"wp","href":"https:\/\/api.w.org\/{rel}","templated":true}]}}