{"id":34,"date":"2011-08-09T14:20:36","date_gmt":"2011-08-09T14:20:36","guid":{"rendered":"https:\/\/userblogs.fu-berlin.de\/meinersterblog\/2011\/08\/09\/alexander-der-grose\/"},"modified":"2011-08-10T15:18:42","modified_gmt":"2011-08-10T15:18:42","slug":"alexander-der-grose","status":"publish","type":"post","link":"https:\/\/userblogs.fu-berlin.de\/meinersterblog\/2011\/08\/09\/alexander-der-grose\/","title":{"rendered":"Alexander der Gro\u00dfe"},"content":{"rendered":"<p>09.08.2011. Zurzeit besch\u00e4ftige ich mich mit einer sehr spannenden Thema: &#8222;Das schwierige Verh\u00e4ltnis &#8211; Alexander der Gro\u00dfe und sein Vater Philipp II&#8220;<\/p>\n<figure id=\"attachment_39\" aria-describedby=\"caption-attachment-39\" style=\"width: 198px\" class=\"wp-caption alignnone\"><a href=\"https:\/\/userblogs.fu-berlin.de\/meinersterblog\/files\/2011\/08\/Alexander1.jpg.647640.jpg\"><img loading=\"lazy\" decoding=\"async\" class=\"size-medium wp-image-39\" title=\"Alexander der Gro\u00dfe\" src=\"https:\/\/userblogs.fu-berlin.de\/meinersterblog\/files\/2011\/08\/Alexander1.jpg.647640-198x300.jpg\" alt=\"\" width=\"198\" height=\"300\" srcset=\"https:\/\/userblogs.fu-berlin.de\/meinersterblog\/files\/2011\/08\/Alexander1.jpg.647640-198x300.jpg 198w, https:\/\/userblogs.fu-berlin.de\/meinersterblog\/files\/2011\/08\/Alexander1.jpg.647640.jpg 463w\" sizes=\"auto, (max-width: 198px) 85vw, 198px\" \/><\/a><figcaption id=\"caption-attachment-39\" class=\"wp-caption-text\">...begehrt<\/figcaption><\/figure>\n","protected":false},"excerpt":{"rendered":"<p>Die Beziehung zwischen Philipp II und seinem Sohn Alexander den Gro\u00dfen erscheint durchaus problematisch zu sein. Denn es ist schwierig einig zu werden, wenn zwei ambitionierte Herrscher   um die makedonische Politik konkurrieren. Sobald stellt sich die Frage, wie Alexander der Gro\u00dfe, der ehrgeizig und energisch ist die Zusammenarbeit  mit seinem Vater gestaltet?<\/p>\n","protected":false},"author":930,"featured_media":0,"comment_status":"open","ping_status":"open","sticky":false,"template":"","format":"standard","meta":{"footnotes":""},"categories":[91],"tags":[751],"class_list":["post-34","post","type-post","status-publish","format-standard","hentry","category-allgemein","tag-eine-von-den-5-hausarbeiten"],"_links":{"self":[{"href":"https:\/\/userblogs.fu-berlin.de\/meinersterblog\/wp-json\/wp\/v2\/posts\/34","targetHints":{"allow":["GET"]}}],"collection":[{"href":"https:\/\/userblogs.fu-berlin.de\/meinersterblog\/wp-json\/wp\/v2\/posts"}],"about":[{"href":"https:\/\/userblogs.fu-berlin.de\/meinersterblog\/wp-json\/wp\/v2\/types\/post"}],"author":[{"embeddable":true,"href":"https:\/\/userblogs.fu-berlin.de\/meinersterblog\/wp-json\/wp\/v2\/users\/930"}],"replies":[{"embeddable":true,"href":"https:\/\/userblogs.fu-berlin.de\/meinersterblog\/wp-json\/wp\/v2\/comments?post=34"}],"version-history":[{"count":5,"href":"https:\/\/userblogs.fu-berlin.de\/meinersterblog\/wp-json\/wp\/v2\/posts\/34\/revisions"}],"predecessor-version":[{"id":35,"href":"https:\/\/userblogs.fu-berlin.de\/meinersterblog\/wp-json\/wp\/v2\/posts\/34\/revisions\/35"}],"wp:attachment":[{"href":"https:\/\/userblogs.fu-berlin.de\/meinersterblog\/wp-json\/wp\/v2\/media?parent=34"}],"wp:term":[{"taxonomy":"category","embeddable":true,"href":"https:\/\/userblogs.fu-berlin.de\/meinersterblog\/wp-json\/wp\/v2\/categories?post=34"},{"taxonomy":"post_tag","embeddable":true,"href":"https:\/\/userblogs.fu-berlin.de\/meinersterblog\/wp-json\/wp\/v2\/tags?post=34"}],"curies":[{"name":"wp","href":"https:\/\/api.w.org\/{rel}","templated":true}]}}