{"id":842,"date":"2010-08-11T19:20:50","date_gmt":"2010-08-11T18:20:50","guid":{"rendered":"https:\/\/userblogs.fu-berlin.de\/migrationen\/?p=842"},"modified":"2012-10-22T09:31:53","modified_gmt":"2012-10-22T08:31:53","slug":"ein-tor-wird-geschossen","status":"publish","type":"post","link":"https:\/\/userblogs.fu-berlin.de\/migrationen\/?p=842","title":{"rendered":"Ein Tor wird geschossen"},"content":{"rendered":"<p><a href=\"https:\/\/userblogs.fu-berlin.de\/migrationen\/?page_id=742\"><img loading=\"lazy\" decoding=\"async\" class=\"alignleft size-medium wp-image-29\" style=\"margin: 5px\" src=\"https:\/\/userblogs.fu-berlin.de\/migrationen\/files\/2010\/08\/kristen-portr%C3%A4t.jpg\" alt=\"\" width=\"150\" height=\"136\" \/><\/a>Jetzt hat Deutschland zweimal hintereinander eine Migration in Richtung Nationalismus gemacht. Nachdem es den dritten Platz in der Fu\u00dfball-Weltmeisterschaft gewonnen hat, sind die Leute auf die Strasse gegangen, haben gemeinsam gefeiert wie noch nie und haben Feuerwerke steigen lassen. Dieses Jahr, direkt nach dem Sieg gegen Argentinien, haben sie auch nicht damit aufgeh\u00f6rt. Sie sind gl\u00fccklich mit ihren Autos durch die Stra\u00dfen gefahren, haben Passanten zugehupt, um mit ihnen zu feiern. Die Leute am Stra\u00dfenrand haben laut zur\u00fcck geschrien und mit den Fingern die Nummer Eins geformt.  <a href=\"https:\/\/userblogs.fu-berlin.de\/migrationen\/?page_id=742\">[zum Artikel]<\/a><\/p>\n","protected":false},"excerpt":{"rendered":"<p>Jetzt hat Deutschland zweimal hintereinander eine Migration in Richtung Nationalismus gemacht. Nachdem es den dritten Platz in der Fu\u00dfball-Weltmeisterschaft gewonnen hat, sind die Leute auf die Strasse gegangen, haben gemeinsam gefeiert wie noch nie und haben Feuerwerke steigen lassen. Dieses Jahr, direkt nach dem Sieg gegen Argentinien, haben sie auch nicht damit aufgeh\u00f6rt. Sie sind &hellip; <a href=\"https:\/\/userblogs.fu-berlin.de\/migrationen\/?p=842\" class=\"more-link\"><span class=\"screen-reader-text\">\u201eEin Tor wird geschossen\u201c<\/span> weiterlesen<\/a><\/p>\n","protected":false},"author":715,"featured_media":0,"comment_status":"closed","ping_status":"open","sticky":false,"template":"","format":"standard","meta":{"footnotes":""},"categories":[1],"tags":[],"class_list":["post-842","post","type-post","status-publish","format-standard","hentry","category-allgemein"],"_links":{"self":[{"href":"https:\/\/userblogs.fu-berlin.de\/migrationen\/index.php?rest_route=\/wp\/v2\/posts\/842","targetHints":{"allow":["GET"]}}],"collection":[{"href":"https:\/\/userblogs.fu-berlin.de\/migrationen\/index.php?rest_route=\/wp\/v2\/posts"}],"about":[{"href":"https:\/\/userblogs.fu-berlin.de\/migrationen\/index.php?rest_route=\/wp\/v2\/types\/post"}],"author":[{"embeddable":true,"href":"https:\/\/userblogs.fu-berlin.de\/migrationen\/index.php?rest_route=\/wp\/v2\/users\/715"}],"replies":[{"embeddable":true,"href":"https:\/\/userblogs.fu-berlin.de\/migrationen\/index.php?rest_route=%2Fwp%2Fv2%2Fcomments&post=842"}],"version-history":[{"count":9,"href":"https:\/\/userblogs.fu-berlin.de\/migrationen\/index.php?rest_route=\/wp\/v2\/posts\/842\/revisions"}],"predecessor-version":[{"id":979,"href":"https:\/\/userblogs.fu-berlin.de\/migrationen\/index.php?rest_route=\/wp\/v2\/posts\/842\/revisions\/979"}],"wp:attachment":[{"href":"https:\/\/userblogs.fu-berlin.de\/migrationen\/index.php?rest_route=%2Fwp%2Fv2%2Fmedia&parent=842"}],"wp:term":[{"taxonomy":"category","embeddable":true,"href":"https:\/\/userblogs.fu-berlin.de\/migrationen\/index.php?rest_route=%2Fwp%2Fv2%2Fcategories&post=842"},{"taxonomy":"post_tag","embeddable":true,"href":"https:\/\/userblogs.fu-berlin.de\/migrationen\/index.php?rest_route=%2Fwp%2Fv2%2Ftags&post=842"}],"curies":[{"name":"wp","href":"https:\/\/api.w.org\/{rel}","templated":true}]}}