{"id":848,"date":"2010-08-10T22:42:43","date_gmt":"2010-08-10T21:42:43","guid":{"rendered":"https:\/\/userblogs.fu-berlin.de\/migrationen\/?p=848"},"modified":"2012-10-22T09:31:54","modified_gmt":"2012-10-22T08:31:54","slug":"%e2%80%9eich-bin-deutsch-und-judisch-judisch-und-deutsch","status":"publish","type":"post","link":"https:\/\/userblogs.fu-berlin.de\/migrationen\/?p=848","title":{"rendered":"\u00bbIch bin deutsch und j\u00fcdisch, j\u00fcdisch und deutsch\u00ab"},"content":{"rendered":"<p><a href=\"https:\/\/userblogs.fu-berlin.de\/migrationen\/?page_id=708\"><img loading=\"lazy\" decoding=\"async\" class=\"alignleft size-medium wp-image-29\" style=\"margin: 5px\" src=\"https:\/\/userblogs.fu-berlin.de\/migrationen\/files\/2010\/08\/anna-mageras_portr%C3%A4t.jpg\" alt=\"\" width=\"100\" height=\"179\" \/><\/a>Ursula Beyrodt, heute 78, kann die zwei M\u00e4nner noch vor sich sehen, die an einem Abend im November 1938 in die Wohnung ihrer Eltern traten und sich im Wohnzimmer breit machten. \u201eMutti, die M\u00e4nner sehen so d\u00fcster aus\u201c, soll sie damals gesagt haben, konnte jedoch als F\u00fcnfj\u00e4hrige nicht ahnen, dass diese M\u00e4nner von der Gestapo gekommen waren, um ihren Vater zur Deportation ins Konzentrationslager Sachsenhausen zu f\u00fchren. <a href=\"https:\/\/userblogs.fu-berlin.de\/migrationen\/?page_id=708\">[zum Artikel]<\/a><\/p>\n","protected":false},"excerpt":{"rendered":"<p>Ursula Beyrodt, heute 78, kann die zwei M\u00e4nner noch vor sich sehen, die an einem Abend im November 1938 in die Wohnung ihrer Eltern traten und sich im Wohnzimmer breit machten. \u201eMutti, die M\u00e4nner sehen so d\u00fcster aus\u201c, soll sie damals gesagt haben, konnte jedoch als F\u00fcnfj\u00e4hrige nicht ahnen, dass diese M\u00e4nner von der Gestapo &hellip; <a href=\"https:\/\/userblogs.fu-berlin.de\/migrationen\/?p=848\" class=\"more-link\"><span class=\"screen-reader-text\">\u201e\u00bbIch bin deutsch und j\u00fcdisch, j\u00fcdisch und deutsch\u00ab\u201c<\/span> weiterlesen<\/a><\/p>\n","protected":false},"author":715,"featured_media":0,"comment_status":"closed","ping_status":"open","sticky":false,"template":"","format":"standard","meta":{"footnotes":""},"categories":[1],"tags":[],"class_list":["post-848","post","type-post","status-publish","format-standard","hentry","category-allgemein"],"_links":{"self":[{"href":"https:\/\/userblogs.fu-berlin.de\/migrationen\/index.php?rest_route=\/wp\/v2\/posts\/848","targetHints":{"allow":["GET"]}}],"collection":[{"href":"https:\/\/userblogs.fu-berlin.de\/migrationen\/index.php?rest_route=\/wp\/v2\/posts"}],"about":[{"href":"https:\/\/userblogs.fu-berlin.de\/migrationen\/index.php?rest_route=\/wp\/v2\/types\/post"}],"author":[{"embeddable":true,"href":"https:\/\/userblogs.fu-berlin.de\/migrationen\/index.php?rest_route=\/wp\/v2\/users\/715"}],"replies":[{"embeddable":true,"href":"https:\/\/userblogs.fu-berlin.de\/migrationen\/index.php?rest_route=%2Fwp%2Fv2%2Fcomments&post=848"}],"version-history":[{"count":7,"href":"https:\/\/userblogs.fu-berlin.de\/migrationen\/index.php?rest_route=\/wp\/v2\/posts\/848\/revisions"}],"predecessor-version":[{"id":998,"href":"https:\/\/userblogs.fu-berlin.de\/migrationen\/index.php?rest_route=\/wp\/v2\/posts\/848\/revisions\/998"}],"wp:attachment":[{"href":"https:\/\/userblogs.fu-berlin.de\/migrationen\/index.php?rest_route=%2Fwp%2Fv2%2Fmedia&parent=848"}],"wp:term":[{"taxonomy":"category","embeddable":true,"href":"https:\/\/userblogs.fu-berlin.de\/migrationen\/index.php?rest_route=%2Fwp%2Fv2%2Fcategories&post=848"},{"taxonomy":"post_tag","embeddable":true,"href":"https:\/\/userblogs.fu-berlin.de\/migrationen\/index.php?rest_route=%2Fwp%2Fv2%2Ftags&post=848"}],"curies":[{"name":"wp","href":"https:\/\/api.w.org\/{rel}","templated":true}]}}