{"id":854,"date":"2010-08-10T22:46:16","date_gmt":"2010-08-10T21:46:16","guid":{"rendered":"https:\/\/userblogs.fu-berlin.de\/migrationen\/?p=854"},"modified":"2012-10-22T09:31:54","modified_gmt":"2012-10-22T08:31:54","slug":"zwei-zuhause-eine-heimat","status":"publish","type":"post","link":"https:\/\/userblogs.fu-berlin.de\/migrationen\/?p=854","title":{"rendered":"Zwei Zuhause \u2013 eine Heimat"},"content":{"rendered":"<p><a href=\"https:\/\/userblogs.fu-berlin.de\/migrationen\/?page_id=596\"><img loading=\"lazy\" decoding=\"async\" class=\"alignleft size-medium wp-image-29\" style=\"margin: 5px\" src=\"https:\/\/userblogs.fu-berlin.de\/migrationen\/files\/2010\/08\/2zuhauseportraet.jpg\" alt=\"\" width=\"100\" height=\"124\" \/><\/a>\u201eIch hatte gerade die Schule beendet, als mein Vater mich gefragt hat, ob ich mit der Familie nach Russland zur\u00fcck gehen will.\u201c Roman Bayer \u00fcberlegte nicht l\u00e4nger als f\u00fcnf Minuten. Er wollte bleiben. \u201eDaraufhin hat mein Vater gesagt: Da sind deine Sachen, dort ist der Ausgang.\u201c Was f\u00fcr ihn der Beginn eines neuen Lebens war, war f\u00fcr eine halbe Millionen sowjetische Milit\u00e4rangeh\u00f6rige das Ende einer Epoche. <a href=\"https:\/\/userblogs.fu-berlin.de\/migrationen\/?page_id=596\">[zum Artikel]<\/a><\/p>\n","protected":false},"excerpt":{"rendered":"<p>\u201eIch hatte gerade die Schule beendet, als mein Vater mich gefragt hat, ob ich mit der Familie nach Russland zur\u00fcck gehen will.\u201c Roman Bayer \u00fcberlegte nicht l\u00e4nger als f\u00fcnf Minuten. Er wollte bleiben. \u201eDaraufhin hat mein Vater gesagt: Da sind deine Sachen, dort ist der Ausgang.\u201c Was f\u00fcr ihn der Beginn eines neuen Lebens war, &hellip; <a href=\"https:\/\/userblogs.fu-berlin.de\/migrationen\/?p=854\" class=\"more-link\"><span class=\"screen-reader-text\">\u201eZwei Zuhause \u2013 eine Heimat\u201c<\/span> weiterlesen<\/a><\/p>\n","protected":false},"author":715,"featured_media":0,"comment_status":"closed","ping_status":"open","sticky":false,"template":"","format":"standard","meta":{"footnotes":""},"categories":[1],"tags":[],"class_list":["post-854","post","type-post","status-publish","format-standard","hentry","category-allgemein"],"_links":{"self":[{"href":"https:\/\/userblogs.fu-berlin.de\/migrationen\/index.php?rest_route=\/wp\/v2\/posts\/854","targetHints":{"allow":["GET"]}}],"collection":[{"href":"https:\/\/userblogs.fu-berlin.de\/migrationen\/index.php?rest_route=\/wp\/v2\/posts"}],"about":[{"href":"https:\/\/userblogs.fu-berlin.de\/migrationen\/index.php?rest_route=\/wp\/v2\/types\/post"}],"author":[{"embeddable":true,"href":"https:\/\/userblogs.fu-berlin.de\/migrationen\/index.php?rest_route=\/wp\/v2\/users\/715"}],"replies":[{"embeddable":true,"href":"https:\/\/userblogs.fu-berlin.de\/migrationen\/index.php?rest_route=%2Fwp%2Fv2%2Fcomments&post=854"}],"version-history":[{"count":4,"href":"https:\/\/userblogs.fu-berlin.de\/migrationen\/index.php?rest_route=\/wp\/v2\/posts\/854\/revisions"}],"predecessor-version":[{"id":997,"href":"https:\/\/userblogs.fu-berlin.de\/migrationen\/index.php?rest_route=\/wp\/v2\/posts\/854\/revisions\/997"}],"wp:attachment":[{"href":"https:\/\/userblogs.fu-berlin.de\/migrationen\/index.php?rest_route=%2Fwp%2Fv2%2Fmedia&parent=854"}],"wp:term":[{"taxonomy":"category","embeddable":true,"href":"https:\/\/userblogs.fu-berlin.de\/migrationen\/index.php?rest_route=%2Fwp%2Fv2%2Fcategories&post=854"},{"taxonomy":"post_tag","embeddable":true,"href":"https:\/\/userblogs.fu-berlin.de\/migrationen\/index.php?rest_route=%2Fwp%2Fv2%2Ftags&post=854"}],"curies":[{"name":"wp","href":"https:\/\/api.w.org\/{rel}","templated":true}]}}