{"id":856,"date":"2010-08-10T22:48:31","date_gmt":"2010-08-10T21:48:31","guid":{"rendered":"https:\/\/userblogs.fu-berlin.de\/migrationen\/?p=856"},"modified":"2012-10-22T09:31:54","modified_gmt":"2012-10-22T08:31:54","slug":"zuruck-nach-simbabwe","status":"publish","type":"post","link":"https:\/\/userblogs.fu-berlin.de\/migrationen\/?p=856","title":{"rendered":"Zur\u00fcck nach Simbabwe"},"content":{"rendered":"<p><a href=\"https:\/\/userblogs.fu-berlin.de\/migrationen\/?page_id=758\"><img loading=\"lazy\" decoding=\"async\" class=\"alignleft size-medium wp-image-29\" style=\"margin: 5px\" src=\"https:\/\/userblogs.fu-berlin.de\/migrationen\/files\/2010\/08\/nora_port.jpg\" alt=\"\" width=\"100\" height=\"179\" \/><\/a>Saithembinkosi Dube ist keine durchschnittliche Studentin, gerade in Berlin. Erstmal spricht sie kein Deutsch und Thembi, so ihr Kurzname, ist 33 Jahre alt. Sie ist eine fr\u00f6hliche aber auch selbstsichere Erscheinung, eine kurvenreiche Afrikanerin mit wilden Haaren und einem tiefen Lachen. Berlin war nicht ihr Traumort, um zu studieren, wie f\u00fcr viele andere, die nach Berlin fahren, um vor ihren Eltern zu fl\u00fcchten und die ganze Nacht in hippen Diskos zu tanzen. Nein, obwohl Thembi aus Simbabwe kommt, behauptet sie: \u201eIch fliehe vor nichts.\u201c Sie ist weder deprimiert noch sieht sie kr\u00e4nklich oder untern\u00e4hrt aus. Sie hat zwei T\u00f6chter in ihrer Heimat gelassen. <a href=\"https:\/\/userblogs.fu-berlin.de\/migrationen\/?page_id=758\">[zum Artikel]<\/a><\/p>\n","protected":false},"excerpt":{"rendered":"<p>Saithembinkosi Dube ist keine durchschnittliche Studentin, gerade in Berlin. Erstmal spricht sie kein Deutsch und Thembi, so ihr Kurzname, ist 33 Jahre alt. Sie ist eine fr\u00f6hliche aber auch selbstsichere Erscheinung, eine kurvenreiche Afrikanerin mit wilden Haaren und einem tiefen Lachen. Berlin war nicht ihr Traumort, um zu studieren, wie f\u00fcr viele andere, die nach &hellip; <a href=\"https:\/\/userblogs.fu-berlin.de\/migrationen\/?p=856\" class=\"more-link\"><span class=\"screen-reader-text\">\u201eZur\u00fcck nach Simbabwe\u201c<\/span> weiterlesen<\/a><\/p>\n","protected":false},"author":715,"featured_media":0,"comment_status":"closed","ping_status":"open","sticky":false,"template":"","format":"standard","meta":{"footnotes":""},"categories":[1],"tags":[],"class_list":["post-856","post","type-post","status-publish","format-standard","hentry","category-allgemein"],"_links":{"self":[{"href":"https:\/\/userblogs.fu-berlin.de\/migrationen\/index.php?rest_route=\/wp\/v2\/posts\/856","targetHints":{"allow":["GET"]}}],"collection":[{"href":"https:\/\/userblogs.fu-berlin.de\/migrationen\/index.php?rest_route=\/wp\/v2\/posts"}],"about":[{"href":"https:\/\/userblogs.fu-berlin.de\/migrationen\/index.php?rest_route=\/wp\/v2\/types\/post"}],"author":[{"embeddable":true,"href":"https:\/\/userblogs.fu-berlin.de\/migrationen\/index.php?rest_route=\/wp\/v2\/users\/715"}],"replies":[{"embeddable":true,"href":"https:\/\/userblogs.fu-berlin.de\/migrationen\/index.php?rest_route=%2Fwp%2Fv2%2Fcomments&post=856"}],"version-history":[{"count":4,"href":"https:\/\/userblogs.fu-berlin.de\/migrationen\/index.php?rest_route=\/wp\/v2\/posts\/856\/revisions"}],"predecessor-version":[{"id":996,"href":"https:\/\/userblogs.fu-berlin.de\/migrationen\/index.php?rest_route=\/wp\/v2\/posts\/856\/revisions\/996"}],"wp:attachment":[{"href":"https:\/\/userblogs.fu-berlin.de\/migrationen\/index.php?rest_route=%2Fwp%2Fv2%2Fmedia&parent=856"}],"wp:term":[{"taxonomy":"category","embeddable":true,"href":"https:\/\/userblogs.fu-berlin.de\/migrationen\/index.php?rest_route=%2Fwp%2Fv2%2Fcategories&post=856"},{"taxonomy":"post_tag","embeddable":true,"href":"https:\/\/userblogs.fu-berlin.de\/migrationen\/index.php?rest_route=%2Fwp%2Fv2%2Ftags&post=856"}],"curies":[{"name":"wp","href":"https:\/\/api.w.org\/{rel}","templated":true}]}}