{"id":868,"date":"2010-08-10T23:03:35","date_gmt":"2010-08-10T22:03:35","guid":{"rendered":"https:\/\/userblogs.fu-berlin.de\/migrationen\/?p=868"},"modified":"2012-10-22T09:31:53","modified_gmt":"2012-10-22T08:31:53","slug":"nur-ein-name-auf-einem-zettel","status":"publish","type":"post","link":"https:\/\/userblogs.fu-berlin.de\/migrationen\/?p=868","title":{"rendered":"Nur ein Name auf einem Zettel"},"content":{"rendered":"<p><a href=\"https:\/\/userblogs.fu-berlin.de\/migrationen\/?page_id=696\"><img loading=\"lazy\" decoding=\"async\" class=\"alignleft size-medium wp-image-29\" style=\"margin: 5px\" src=\"https:\/\/userblogs.fu-berlin.de\/migrationen\/files\/2010\/08\/za2.jpg\" alt=\"\" width=\"151\" height=\"112\" \/><\/a>Deutschland gibt Ausl\u00e4ndern die M\u00f6glichkeit, sich frei zu f\u00fchlen. So meint Sebu Azad, ein Migrant aus Syrien. \u201eFrei bedeutet, dass ich Zeit habe, \u00fcber mein Leben nachzudenken, um zu wissen, wer ich bin, was ich will, wie viele Personen in mir stecken\u201c, schw\u00e4rmt der 35-J\u00e4hrige von seinem Leben in Berlin. \u201eWenn ich diese Freiheit in Syrien haben w\u00fcrde, w\u00fcrde ich zur\u00fcckfahren\u201c, so Sebu Azad. <a href=\"https:\/\/userblogs.fu-berlin.de\/migrationen\/?page_id=696\">[zum Artikel]<\/a><\/p>\n","protected":false},"excerpt":{"rendered":"<p>Deutschland gibt Ausl\u00e4ndern die M\u00f6glichkeit, sich frei zu f\u00fchlen. So meint Sebu Azad, ein Migrant aus Syrien. \u201eFrei bedeutet, dass ich Zeit habe, \u00fcber mein Leben nachzudenken, um zu wissen, wer ich bin, was ich will, wie viele Personen in mir stecken\u201c, schw\u00e4rmt der 35-J\u00e4hrige von seinem Leben in Berlin. \u201eWenn ich diese Freiheit in &hellip; <a href=\"https:\/\/userblogs.fu-berlin.de\/migrationen\/?p=868\" class=\"more-link\"><span class=\"screen-reader-text\">\u201eNur ein Name auf einem Zettel\u201c<\/span> weiterlesen<\/a><\/p>\n","protected":false},"author":715,"featured_media":0,"comment_status":"closed","ping_status":"open","sticky":false,"template":"","format":"standard","meta":{"footnotes":""},"categories":[1],"tags":[],"class_list":["post-868","post","type-post","status-publish","format-standard","hentry","category-allgemein"],"_links":{"self":[{"href":"https:\/\/userblogs.fu-berlin.de\/migrationen\/index.php?rest_route=\/wp\/v2\/posts\/868","targetHints":{"allow":["GET"]}}],"collection":[{"href":"https:\/\/userblogs.fu-berlin.de\/migrationen\/index.php?rest_route=\/wp\/v2\/posts"}],"about":[{"href":"https:\/\/userblogs.fu-berlin.de\/migrationen\/index.php?rest_route=\/wp\/v2\/types\/post"}],"author":[{"embeddable":true,"href":"https:\/\/userblogs.fu-berlin.de\/migrationen\/index.php?rest_route=\/wp\/v2\/users\/715"}],"replies":[{"embeddable":true,"href":"https:\/\/userblogs.fu-berlin.de\/migrationen\/index.php?rest_route=%2Fwp%2Fv2%2Fcomments&post=868"}],"version-history":[{"count":4,"href":"https:\/\/userblogs.fu-berlin.de\/migrationen\/index.php?rest_route=\/wp\/v2\/posts\/868\/revisions"}],"predecessor-version":[{"id":991,"href":"https:\/\/userblogs.fu-berlin.de\/migrationen\/index.php?rest_route=\/wp\/v2\/posts\/868\/revisions\/991"}],"wp:attachment":[{"href":"https:\/\/userblogs.fu-berlin.de\/migrationen\/index.php?rest_route=%2Fwp%2Fv2%2Fmedia&parent=868"}],"wp:term":[{"taxonomy":"category","embeddable":true,"href":"https:\/\/userblogs.fu-berlin.de\/migrationen\/index.php?rest_route=%2Fwp%2Fv2%2Fcategories&post=868"},{"taxonomy":"post_tag","embeddable":true,"href":"https:\/\/userblogs.fu-berlin.de\/migrationen\/index.php?rest_route=%2Fwp%2Fv2%2Ftags&post=868"}],"curies":[{"name":"wp","href":"https:\/\/api.w.org\/{rel}","templated":true}]}}