{"id":870,"date":"2010-08-10T23:05:39","date_gmt":"2010-08-10T22:05:39","guid":{"rendered":"https:\/\/userblogs.fu-berlin.de\/migrationen\/?p=870"},"modified":"2012-10-22T09:31:53","modified_gmt":"2012-10-22T08:31:53","slug":"mit-handen-und-fusen","status":"publish","type":"post","link":"https:\/\/userblogs.fu-berlin.de\/migrationen\/?p=870","title":{"rendered":"Mit H\u00e4nden und F\u00fc\u00dfen"},"content":{"rendered":"<p><a href=\"https:\/\/userblogs.fu-berlin.de\/migrationen\/?page_id=753\"><img loading=\"lazy\" decoding=\"async\" class=\"alignleft size-medium wp-image-29\" style=\"margin: 5px\" src=\"https:\/\/userblogs.fu-berlin.de\/migrationen\/files\/2010\/08\/ml_port.jpg\" alt=\"\" width=\"100\" height=\"176\" \/><\/a>Kim Nagel, jetzt eine dreiunddrei\u00dfigj\u00e4hrige Buchhalterin in Friedrichshain, war siebzehn Jahre alt, als sie mit einem Teil ihrer Familie aus Russland nach Deutschland kam. Damals, im Jahr 1994, kurz nach dem Ende des Kalten Krieges, war Russland ein Staat mit zerbr\u00f6ckelnder Infrastruktur und politischer Instabilit\u00e4t. Die Russin Kim Nagel hatte gerade angefangen ihr erwachsenes Leben zu entwickeln und wurde mit einem Land im Wandel, mit einem gebrochenen Ausbildungs-, Arbeits- und Sozialsystem konfrontiert. Nagels Gro\u00dfmutter Ekatherina, damals 56, wollte etwas Anderes f\u00fcr ihre Familie und ihre Enkeltochter: ein neues Leben in der wiedervereinigten Bundesrepublik. <a href=\"https:\/\/userblogs.fu-berlin.de\/migrationen\/?page_id=753\">[zum Artikel]<\/a><\/p>\n","protected":false},"excerpt":{"rendered":"<p>Kim Nagel, jetzt eine dreiunddrei\u00dfigj\u00e4hrige Buchhalterin in Friedrichshain, war siebzehn Jahre alt, als sie mit einem Teil ihrer Familie aus Russland nach Deutschland kam. Damals, im Jahr 1994, kurz nach dem Ende des Kalten Krieges, war Russland ein Staat mit zerbr\u00f6ckelnder Infrastruktur und politischer Instabilit\u00e4t. Die Russin Kim Nagel hatte gerade angefangen ihr erwachsenes Leben &hellip; <a href=\"https:\/\/userblogs.fu-berlin.de\/migrationen\/?p=870\" class=\"more-link\"><span class=\"screen-reader-text\">\u201eMit H\u00e4nden und F\u00fc\u00dfen\u201c<\/span> weiterlesen<\/a><\/p>\n","protected":false},"author":715,"featured_media":0,"comment_status":"closed","ping_status":"open","sticky":false,"template":"","format":"standard","meta":{"footnotes":""},"categories":[1],"tags":[],"class_list":["post-870","post","type-post","status-publish","format-standard","hentry","category-allgemein"],"_links":{"self":[{"href":"https:\/\/userblogs.fu-berlin.de\/migrationen\/index.php?rest_route=\/wp\/v2\/posts\/870","targetHints":{"allow":["GET"]}}],"collection":[{"href":"https:\/\/userblogs.fu-berlin.de\/migrationen\/index.php?rest_route=\/wp\/v2\/posts"}],"about":[{"href":"https:\/\/userblogs.fu-berlin.de\/migrationen\/index.php?rest_route=\/wp\/v2\/types\/post"}],"author":[{"embeddable":true,"href":"https:\/\/userblogs.fu-berlin.de\/migrationen\/index.php?rest_route=\/wp\/v2\/users\/715"}],"replies":[{"embeddable":true,"href":"https:\/\/userblogs.fu-berlin.de\/migrationen\/index.php?rest_route=%2Fwp%2Fv2%2Fcomments&post=870"}],"version-history":[{"count":5,"href":"https:\/\/userblogs.fu-berlin.de\/migrationen\/index.php?rest_route=\/wp\/v2\/posts\/870\/revisions"}],"predecessor-version":[{"id":990,"href":"https:\/\/userblogs.fu-berlin.de\/migrationen\/index.php?rest_route=\/wp\/v2\/posts\/870\/revisions\/990"}],"wp:attachment":[{"href":"https:\/\/userblogs.fu-berlin.de\/migrationen\/index.php?rest_route=%2Fwp%2Fv2%2Fmedia&parent=870"}],"wp:term":[{"taxonomy":"category","embeddable":true,"href":"https:\/\/userblogs.fu-berlin.de\/migrationen\/index.php?rest_route=%2Fwp%2Fv2%2Fcategories&post=870"},{"taxonomy":"post_tag","embeddable":true,"href":"https:\/\/userblogs.fu-berlin.de\/migrationen\/index.php?rest_route=%2Fwp%2Fv2%2Ftags&post=870"}],"curies":[{"name":"wp","href":"https:\/\/api.w.org\/{rel}","templated":true}]}}