{"id":881,"date":"2010-08-11T18:50:52","date_gmt":"2010-08-11T17:50:52","guid":{"rendered":"https:\/\/userblogs.fu-berlin.de\/migrationen\/?p=881"},"modified":"2012-10-22T09:31:53","modified_gmt":"2012-10-22T08:31:53","slug":"menschen-ohne-gesichter","status":"publish","type":"post","link":"https:\/\/userblogs.fu-berlin.de\/migrationen\/?p=881","title":{"rendered":"Menschen ohne Gesichter"},"content":{"rendered":"<p><a href=\"https:\/\/userblogs.fu-berlin.de\/migrationen\/?page_id=573\"><img loading=\"lazy\" decoding=\"async\" class=\"alignleft size-medium wp-image-29\" style=\"margin: 5px\" src=\"https:\/\/userblogs.fu-berlin.de\/migrationen\/files\/2010\/08\/Angelina-Zoi-Portr%C3%A4t12.jpg\" alt=\"\" width=\"100\" height=\"150\" \/><\/a>In L\u00e4ndern wie Brasilien, Peru oder Kolumbien beschleunigt das Bev\u00f6lkerungswachstum gepaart mit einer ineffizienten und ertraarmen Landwirtschaft die Migrationsbewegungen. Fruchtbares Acker- und Weideland wird immer knapper, und die Ernten reichen oft nicht aus, um alle Menschen zu ern\u00e4hren. Unklare Bodenverh\u00e4ltnisse und ungerechte Verteilung verst\u00e4rken dieses Ph\u00e4nomen. <a href=\"https:\/\/userblogs.fu-berlin.de\/migrationen\/?page_id=573\">[zum Artikel]<\/a><\/p>\n","protected":false},"excerpt":{"rendered":"<p>In L\u00e4ndern wie Brasilien, Peru oder Kolumbien beschleunigt das Bev\u00f6lkerungswachstum gepaart mit einer ineffizienten und ertraarmen Landwirtschaft die Migrationsbewegungen. Fruchtbares Acker- und Weideland wird immer knapper, und die Ernten reichen oft nicht aus, um alle Menschen zu ern\u00e4hren. Unklare Bodenverh\u00e4ltnisse und ungerechte Verteilung verst\u00e4rken dieses Ph\u00e4nomen. [zum Artikel]<\/p>\n","protected":false},"author":715,"featured_media":0,"comment_status":"closed","ping_status":"open","sticky":false,"template":"","format":"standard","meta":{"footnotes":""},"categories":[1],"tags":[],"class_list":["post-881","post","type-post","status-publish","format-standard","hentry","category-allgemein"],"_links":{"self":[{"href":"https:\/\/userblogs.fu-berlin.de\/migrationen\/index.php?rest_route=\/wp\/v2\/posts\/881","targetHints":{"allow":["GET"]}}],"collection":[{"href":"https:\/\/userblogs.fu-berlin.de\/migrationen\/index.php?rest_route=\/wp\/v2\/posts"}],"about":[{"href":"https:\/\/userblogs.fu-berlin.de\/migrationen\/index.php?rest_route=\/wp\/v2\/types\/post"}],"author":[{"embeddable":true,"href":"https:\/\/userblogs.fu-berlin.de\/migrationen\/index.php?rest_route=\/wp\/v2\/users\/715"}],"replies":[{"embeddable":true,"href":"https:\/\/userblogs.fu-berlin.de\/migrationen\/index.php?rest_route=%2Fwp%2Fv2%2Fcomments&post=881"}],"version-history":[{"count":4,"href":"https:\/\/userblogs.fu-berlin.de\/migrationen\/index.php?rest_route=\/wp\/v2\/posts\/881\/revisions"}],"predecessor-version":[{"id":988,"href":"https:\/\/userblogs.fu-berlin.de\/migrationen\/index.php?rest_route=\/wp\/v2\/posts\/881\/revisions\/988"}],"wp:attachment":[{"href":"https:\/\/userblogs.fu-berlin.de\/migrationen\/index.php?rest_route=%2Fwp%2Fv2%2Fmedia&parent=881"}],"wp:term":[{"taxonomy":"category","embeddable":true,"href":"https:\/\/userblogs.fu-berlin.de\/migrationen\/index.php?rest_route=%2Fwp%2Fv2%2Fcategories&post=881"},{"taxonomy":"post_tag","embeddable":true,"href":"https:\/\/userblogs.fu-berlin.de\/migrationen\/index.php?rest_route=%2Fwp%2Fv2%2Ftags&post=881"}],"curies":[{"name":"wp","href":"https:\/\/api.w.org\/{rel}","templated":true}]}}