{"id":885,"date":"2010-08-11T18:54:53","date_gmt":"2010-08-11T17:54:53","guid":{"rendered":"https:\/\/userblogs.fu-berlin.de\/migrationen\/?p=885"},"modified":"2012-10-22T09:31:53","modified_gmt":"2012-10-22T08:31:53","slug":"jenseits-von-afrika","status":"publish","type":"post","link":"https:\/\/userblogs.fu-berlin.de\/migrationen\/?p=885","title":{"rendered":"Jenseits von Afrika"},"content":{"rendered":"<p><a href=\"https:\/\/userblogs.fu-berlin.de\/migrationen\/?page_id=774\"><img loading=\"lazy\" decoding=\"async\" class=\"alignleft size-medium wp-image-29\" style=\"margin: 5px\" src=\"https:\/\/userblogs.fu-berlin.de\/migrationen\/files\/2010\/08\/romyfuchs-portr%C3%A4t.jpg\" alt=\"\" width=\"100\" height=\"142\" \/><\/a>Der Klang der Vuvuzela ist un\u00fcberh\u00f6rbar. Die Leute jubilieren, gratulieren einander, spielen Fu\u00dfball und die Welt schaut auf Afrika, S\u00fcdafrika. Das WM-Fieber wirft ein Schlaglicht auf den Kontinent wie nie zuvor und der nationale Stolz, dass ich selbst eine S\u00fcdafrikanerin bin, die all das von Berlin aus beobachtet, wirkt sich auf meine journalistische Neigung aus. Die immer gr\u00f6\u00dfer werdende afrikanische Bev\u00f6lkerung unterstreicht Berlin als Stadt der Multi-Kultur und als Ort der Migration. <a href=\"https:\/\/userblogs.fu-berlin.de\/migrationen\/?page_id=774\">[zum Artikel]<\/a><\/p>\n","protected":false},"excerpt":{"rendered":"<p>Der Klang der Vuvuzela ist un\u00fcberh\u00f6rbar. Die Leute jubilieren, gratulieren einander, spielen Fu\u00dfball und die Welt schaut auf Afrika, S\u00fcdafrika. Das WM-Fieber wirft ein Schlaglicht auf den Kontinent wie nie zuvor und der nationale Stolz, dass ich selbst eine S\u00fcdafrikanerin bin, die all das von Berlin aus beobachtet, wirkt sich auf meine journalistische Neigung aus. &hellip; <a href=\"https:\/\/userblogs.fu-berlin.de\/migrationen\/?p=885\" class=\"more-link\"><span class=\"screen-reader-text\">\u201eJenseits von Afrika\u201c<\/span> weiterlesen<\/a><\/p>\n","protected":false},"author":715,"featured_media":0,"comment_status":"closed","ping_status":"open","sticky":false,"template":"","format":"standard","meta":{"footnotes":""},"categories":[1],"tags":[],"class_list":["post-885","post","type-post","status-publish","format-standard","hentry","category-allgemein"],"_links":{"self":[{"href":"https:\/\/userblogs.fu-berlin.de\/migrationen\/index.php?rest_route=\/wp\/v2\/posts\/885","targetHints":{"allow":["GET"]}}],"collection":[{"href":"https:\/\/userblogs.fu-berlin.de\/migrationen\/index.php?rest_route=\/wp\/v2\/posts"}],"about":[{"href":"https:\/\/userblogs.fu-berlin.de\/migrationen\/index.php?rest_route=\/wp\/v2\/types\/post"}],"author":[{"embeddable":true,"href":"https:\/\/userblogs.fu-berlin.de\/migrationen\/index.php?rest_route=\/wp\/v2\/users\/715"}],"replies":[{"embeddable":true,"href":"https:\/\/userblogs.fu-berlin.de\/migrationen\/index.php?rest_route=%2Fwp%2Fv2%2Fcomments&post=885"}],"version-history":[{"count":4,"href":"https:\/\/userblogs.fu-berlin.de\/migrationen\/index.php?rest_route=\/wp\/v2\/posts\/885\/revisions"}],"predecessor-version":[{"id":986,"href":"https:\/\/userblogs.fu-berlin.de\/migrationen\/index.php?rest_route=\/wp\/v2\/posts\/885\/revisions\/986"}],"wp:attachment":[{"href":"https:\/\/userblogs.fu-berlin.de\/migrationen\/index.php?rest_route=%2Fwp%2Fv2%2Fmedia&parent=885"}],"wp:term":[{"taxonomy":"category","embeddable":true,"href":"https:\/\/userblogs.fu-berlin.de\/migrationen\/index.php?rest_route=%2Fwp%2Fv2%2Fcategories&post=885"},{"taxonomy":"post_tag","embeddable":true,"href":"https:\/\/userblogs.fu-berlin.de\/migrationen\/index.php?rest_route=%2Fwp%2Fv2%2Ftags&post=885"}],"curies":[{"name":"wp","href":"https:\/\/api.w.org\/{rel}","templated":true}]}}