{"id":889,"date":"2010-08-11T18:58:49","date_gmt":"2010-08-11T17:58:49","guid":{"rendered":"https:\/\/userblogs.fu-berlin.de\/migrationen\/?p=889"},"modified":"2012-10-22T09:31:53","modified_gmt":"2012-10-22T08:31:53","slug":"israeli-mit-vielen-identitaten","status":"publish","type":"post","link":"https:\/\/userblogs.fu-berlin.de\/migrationen\/?p=889","title":{"rendered":"Israeli mit vielen Identit\u00e4ten"},"content":{"rendered":"<p><a href=\"https:\/\/userblogs.fu-berlin.de\/migrationen\/?page_id=760\"><img loading=\"lazy\" decoding=\"async\" class=\"alignleft size-medium wp-image-29\" style=\"margin: 5px\" src=\"https:\/\/userblogs.fu-berlin.de\/migrationen\/files\/2010\/08\/becky-portr%C3%A4t.jpg\" alt=\"\" width=\"150\" height=\"100\" \/><\/a>Am Nachmittag vor dem Halbfinale der Fu\u00dfballweltmeisterschaft war das Caf\u00e9 \u201eTaqueria Florian\u201c auf der Oranienstra\u00dfe in Kreuzberg fast leer. Spanische Musik klang \u2013 wahrscheinlich ahnungsvoll \u2013 laut in der Lautsprecherbox. Ein paar Leute lasen Zeitung im sanften Licht und die unbesch\u00e4ftigte Kellnerin schien gelangweilt zu sein. Drau\u00dfen vor dem Caf\u00e9 drehte ein Film-Crew eine Szene. Die Stille des Nachmittags war traumhaft. Pl\u00f6tzlich kam ein b\u00e4rtiger Mann herein und mit ihm auch die Ausrede f\u00fcr seine Versp\u00e4tung: \u201eDer Bus f\u00e4hrt immer so langsam, es tut mir leid\u201c, sagte er. <a href=\"https:\/\/userblogs.fu-berlin.de\/migrationen\/?page_id=760\">[zum Artikel]<\/a><\/p>\n","protected":false},"excerpt":{"rendered":"<p>Am Nachmittag vor dem Halbfinale der Fu\u00dfballweltmeisterschaft war das Caf\u00e9 \u201eTaqueria Florian\u201c auf der Oranienstra\u00dfe in Kreuzberg fast leer. Spanische Musik klang \u2013 wahrscheinlich ahnungsvoll \u2013 laut in der Lautsprecherbox. Ein paar Leute lasen Zeitung im sanften Licht und die unbesch\u00e4ftigte Kellnerin schien gelangweilt zu sein. Drau\u00dfen vor dem Caf\u00e9 drehte ein Film-Crew eine Szene. &hellip; <a href=\"https:\/\/userblogs.fu-berlin.de\/migrationen\/?p=889\" class=\"more-link\"><span class=\"screen-reader-text\">\u201eIsraeli mit vielen Identit\u00e4ten\u201c<\/span> weiterlesen<\/a><\/p>\n","protected":false},"author":715,"featured_media":0,"comment_status":"closed","ping_status":"open","sticky":false,"template":"","format":"standard","meta":{"footnotes":""},"categories":[1],"tags":[],"class_list":["post-889","post","type-post","status-publish","format-standard","hentry","category-allgemein"],"_links":{"self":[{"href":"https:\/\/userblogs.fu-berlin.de\/migrationen\/index.php?rest_route=\/wp\/v2\/posts\/889","targetHints":{"allow":["GET"]}}],"collection":[{"href":"https:\/\/userblogs.fu-berlin.de\/migrationen\/index.php?rest_route=\/wp\/v2\/posts"}],"about":[{"href":"https:\/\/userblogs.fu-berlin.de\/migrationen\/index.php?rest_route=\/wp\/v2\/types\/post"}],"author":[{"embeddable":true,"href":"https:\/\/userblogs.fu-berlin.de\/migrationen\/index.php?rest_route=\/wp\/v2\/users\/715"}],"replies":[{"embeddable":true,"href":"https:\/\/userblogs.fu-berlin.de\/migrationen\/index.php?rest_route=%2Fwp%2Fv2%2Fcomments&post=889"}],"version-history":[{"count":5,"href":"https:\/\/userblogs.fu-berlin.de\/migrationen\/index.php?rest_route=\/wp\/v2\/posts\/889\/revisions"}],"predecessor-version":[{"id":984,"href":"https:\/\/userblogs.fu-berlin.de\/migrationen\/index.php?rest_route=\/wp\/v2\/posts\/889\/revisions\/984"}],"wp:attachment":[{"href":"https:\/\/userblogs.fu-berlin.de\/migrationen\/index.php?rest_route=%2Fwp%2Fv2%2Fmedia&parent=889"}],"wp:term":[{"taxonomy":"category","embeddable":true,"href":"https:\/\/userblogs.fu-berlin.de\/migrationen\/index.php?rest_route=%2Fwp%2Fv2%2Fcategories&post=889"},{"taxonomy":"post_tag","embeddable":true,"href":"https:\/\/userblogs.fu-berlin.de\/migrationen\/index.php?rest_route=%2Fwp%2Fv2%2Ftags&post=889"}],"curies":[{"name":"wp","href":"https:\/\/api.w.org\/{rel}","templated":true}]}}