{"id":892,"date":"2010-08-11T19:01:22","date_gmt":"2010-08-11T18:01:22","guid":{"rendered":"https:\/\/userblogs.fu-berlin.de\/migrationen\/?p=892"},"modified":"2012-10-22T09:31:53","modified_gmt":"2012-10-22T08:31:53","slug":"integration-durch-werte-patriotismus","status":"publish","type":"post","link":"https:\/\/userblogs.fu-berlin.de\/migrationen\/?p=892","title":{"rendered":"Integration durch Werte-Patriotismus?"},"content":{"rendered":"<p><a href=\"https:\/\/userblogs.fu-berlin.de\/migrationen\/?page_id=747\"><img loading=\"lazy\" decoding=\"async\" class=\"alignleft size-medium wp-image-29\" style=\"margin: 5px\" src=\"https:\/\/userblogs.fu-berlin.de\/migrationen\/files\/2010\/08\/marco_port.jpg\" alt=\"\" width=\"100\" height=\"177\" \/><\/a>Wie einst am Hafen von New York landen heute jeden Tag tausende von arbeitswilligen, hoffnungsvollen Migranten an den Str\u00e4nden des Mittelmeers. Sie kommen, um ein besseres Leben zu suchen, wie damals in den USA. Der einzige kleine Unterschied: in New York wurden sie mit der Freiheitsstatue begr\u00fc\u00dft. Auf Lampedusa gr\u00fc\u00dft zuerst mal das Auffanglager. Europa ist l\u00e4ngst zu einem bedeutenden Einwanderungsziel geworden, aber es scheint dies noch nicht richtig begriffen zu haben. Migranten sind f\u00fcr Deutsche oder Franzosen immer noch keine Selbstverst\u00e4ndlichkeit wie in den USA. <a href=\"https:\/\/userblogs.fu-berlin.de\/migrationen\/?page_id=747\">[zum Artikel]<\/a><\/p>\n","protected":false},"excerpt":{"rendered":"<p>Wie einst am Hafen von New York landen heute jeden Tag tausende von arbeitswilligen, hoffnungsvollen Migranten an den Str\u00e4nden des Mittelmeers. Sie kommen, um ein besseres Leben zu suchen, wie damals in den USA. Der einzige kleine Unterschied: in New York wurden sie mit der Freiheitsstatue begr\u00fc\u00dft. Auf Lampedusa gr\u00fc\u00dft zuerst mal das Auffanglager. Europa &hellip; <a href=\"https:\/\/userblogs.fu-berlin.de\/migrationen\/?p=892\" class=\"more-link\"><span class=\"screen-reader-text\">\u201eIntegration durch Werte-Patriotismus?\u201c<\/span> weiterlesen<\/a><\/p>\n","protected":false},"author":715,"featured_media":0,"comment_status":"closed","ping_status":"open","sticky":false,"template":"","format":"standard","meta":{"footnotes":""},"categories":[1],"tags":[],"class_list":["post-892","post","type-post","status-publish","format-standard","hentry","category-allgemein"],"_links":{"self":[{"href":"https:\/\/userblogs.fu-berlin.de\/migrationen\/index.php?rest_route=\/wp\/v2\/posts\/892","targetHints":{"allow":["GET"]}}],"collection":[{"href":"https:\/\/userblogs.fu-berlin.de\/migrationen\/index.php?rest_route=\/wp\/v2\/posts"}],"about":[{"href":"https:\/\/userblogs.fu-berlin.de\/migrationen\/index.php?rest_route=\/wp\/v2\/types\/post"}],"author":[{"embeddable":true,"href":"https:\/\/userblogs.fu-berlin.de\/migrationen\/index.php?rest_route=\/wp\/v2\/users\/715"}],"replies":[{"embeddable":true,"href":"https:\/\/userblogs.fu-berlin.de\/migrationen\/index.php?rest_route=%2Fwp%2Fv2%2Fcomments&post=892"}],"version-history":[{"count":7,"href":"https:\/\/userblogs.fu-berlin.de\/migrationen\/index.php?rest_route=\/wp\/v2\/posts\/892\/revisions"}],"predecessor-version":[{"id":983,"href":"https:\/\/userblogs.fu-berlin.de\/migrationen\/index.php?rest_route=\/wp\/v2\/posts\/892\/revisions\/983"}],"wp:attachment":[{"href":"https:\/\/userblogs.fu-berlin.de\/migrationen\/index.php?rest_route=%2Fwp%2Fv2%2Fmedia&parent=892"}],"wp:term":[{"taxonomy":"category","embeddable":true,"href":"https:\/\/userblogs.fu-berlin.de\/migrationen\/index.php?rest_route=%2Fwp%2Fv2%2Fcategories&post=892"},{"taxonomy":"post_tag","embeddable":true,"href":"https:\/\/userblogs.fu-berlin.de\/migrationen\/index.php?rest_route=%2Fwp%2Fv2%2Ftags&post=892"}],"curies":[{"name":"wp","href":"https:\/\/api.w.org\/{rel}","templated":true}]}}