{"id":899,"date":"2010-08-11T19:15:00","date_gmt":"2010-08-11T18:15:00","guid":{"rendered":"https:\/\/userblogs.fu-berlin.de\/migrationen\/?p=899"},"modified":"2012-10-22T09:31:53","modified_gmt":"2012-10-22T08:31:53","slug":"hier-habe-ich-freunde-hier-bleibe-ich","status":"publish","type":"post","link":"https:\/\/userblogs.fu-berlin.de\/migrationen\/?p=899","title":{"rendered":"Hier habe ich Freunde, hier bleibe ich"},"content":{"rendered":"<p><a href=\"https:\/\/userblogs.fu-berlin.de\/migrationen\/?page_id=645\"><img decoding=\"async\" class=\"alignleft size-medium wp-image-29\" style=\"margin: 5px\" src=\"https:\/\/userblogs.fu-berlin.de\/migrationen\/files\/2010\/09\/jusev1Aneu.jpg\" alt=\"\" \/><\/a>S\u00fcnke nimmt Lilit an die Hand und zieht sie auf die Tanzfl\u00e4che. Jenia schwenkt seine H\u00fcfte gegen Antoninas Schenkel. Nebenan tanzt Henri im Gleichschritt. Die f\u00fcnf T\u00e4nzer kommen aus Polen, Litauen, Armenien, der Ukraine und Deutschland. Sie sind geistig und k\u00f6rperlich behindert. In der Evangelischen Jugendbildungs- und Begegnungsst\u00e4tte Hirschluch haben sie sich f\u00fcr zehn sonnige Fr\u00fchlingstage zu einem Jugendaustausch getroffen. Mitten im Wald an einem kleinen See leben die insgesamt 50 Leute in kleinen H\u00fctten, deren Namen wie aus dem M\u00e4rchen klingen. <a href=\"https:\/\/userblogs.fu-berlin.de\/migrationen\/?page_id=645\">[zum Artikel]<\/a><\/p>\n","protected":false},"excerpt":{"rendered":"<p>S\u00fcnke nimmt Lilit an die Hand und zieht sie auf die Tanzfl\u00e4che. Jenia schwenkt seine H\u00fcfte gegen Antoninas Schenkel. Nebenan tanzt Henri im Gleichschritt. Die f\u00fcnf T\u00e4nzer kommen aus Polen, Litauen, Armenien, der Ukraine und Deutschland. Sie sind geistig und k\u00f6rperlich behindert. In der Evangelischen Jugendbildungs- und Begegnungsst\u00e4tte Hirschluch haben sie sich f\u00fcr zehn sonnige &hellip; <a href=\"https:\/\/userblogs.fu-berlin.de\/migrationen\/?p=899\" class=\"more-link\"><span class=\"screen-reader-text\">\u201eHier habe ich Freunde, hier bleibe ich\u201c<\/span> weiterlesen<\/a><\/p>\n","protected":false},"author":715,"featured_media":0,"comment_status":"closed","ping_status":"open","sticky":false,"template":"","format":"standard","meta":{"footnotes":""},"categories":[1],"tags":[],"class_list":["post-899","post","type-post","status-publish","format-standard","hentry","category-allgemein"],"_links":{"self":[{"href":"https:\/\/userblogs.fu-berlin.de\/migrationen\/index.php?rest_route=\/wp\/v2\/posts\/899","targetHints":{"allow":["GET"]}}],"collection":[{"href":"https:\/\/userblogs.fu-berlin.de\/migrationen\/index.php?rest_route=\/wp\/v2\/posts"}],"about":[{"href":"https:\/\/userblogs.fu-berlin.de\/migrationen\/index.php?rest_route=\/wp\/v2\/types\/post"}],"author":[{"embeddable":true,"href":"https:\/\/userblogs.fu-berlin.de\/migrationen\/index.php?rest_route=\/wp\/v2\/users\/715"}],"replies":[{"embeddable":true,"href":"https:\/\/userblogs.fu-berlin.de\/migrationen\/index.php?rest_route=%2Fwp%2Fv2%2Fcomments&post=899"}],"version-history":[{"count":5,"href":"https:\/\/userblogs.fu-berlin.de\/migrationen\/index.php?rest_route=\/wp\/v2\/posts\/899\/revisions"}],"predecessor-version":[{"id":981,"href":"https:\/\/userblogs.fu-berlin.de\/migrationen\/index.php?rest_route=\/wp\/v2\/posts\/899\/revisions\/981"}],"wp:attachment":[{"href":"https:\/\/userblogs.fu-berlin.de\/migrationen\/index.php?rest_route=%2Fwp%2Fv2%2Fmedia&parent=899"}],"wp:term":[{"taxonomy":"category","embeddable":true,"href":"https:\/\/userblogs.fu-berlin.de\/migrationen\/index.php?rest_route=%2Fwp%2Fv2%2Fcategories&post=899"},{"taxonomy":"post_tag","embeddable":true,"href":"https:\/\/userblogs.fu-berlin.de\/migrationen\/index.php?rest_route=%2Fwp%2Fv2%2Ftags&post=899"}],"curies":[{"name":"wp","href":"https:\/\/api.w.org\/{rel}","templated":true}]}}